{"id":951,"date":"2015-11-12T17:13:57","date_gmt":"2015-11-12T16:13:57","guid":{"rendered":"http:\/\/escaleamap.free.fr\/?p=951"},"modified":"2015-11-12T17:13:57","modified_gmt":"2015-11-12T16:13:57","slug":"journee-nouveau-adherents-du-15-septembre","status":"publish","type":"post","link":"https:\/\/escale-amap.fr\/index.php\/actualites\/journee-nouveau-adherents-du-15-septembre\/","title":{"rendered":"Journ\u00e9e nouveau adh\u00e9rents du 15 septembre"},"content":{"rendered":"<p><a href=\"http:\/\/escaleamap.free.fr\/wp-content\/uploads\/journ\u00e9e-nvx-adh\u00e9rents.jpg\"><img decoding=\"async\" class=\"alignnone size-full wp-image-952\" alt=\"journ\u00e9e nvx adh\u00e9rents\" src=\"http:\/\/escaleamap.free.fr\/wp-content\/uploads\/journ\u00e9e-nvx-adh\u00e9rents.jpg\" \/><\/a><\/p>\n<p>Cette soir\u00e9e a \u00e9t\u00e9 l&rsquo;occasion de compl\u00e9ter la distribution par une pr\u00e9sentation aux nouveaux adh\u00e9rents de l&rsquo;Amap (les contraintes d&rsquo;une Amap et les avantages pour les producteurs, pour nous et pour notre environnement). Une pr\u00e9sentation des b\u00e9n\u00e9voles (en chemise hawa\u00efenne), qui s&rsquo;occupent des diff\u00e9rentes sections, des inscriptions, du blog\u2026 Des discussions avec les producteurs\u00a0autour d&rsquo;un verre de bi\u00e8re de St\u00e9phane, d&rsquo;un punch d&rsquo;Yves (notre producteur d&rsquo;Escalquens \u00e0 la production trop limit\u00e9e pour ouvrir une Amap) et d&rsquo;une d\u00e9gustation de pain de C\u00e9cile et Vincent avec quelques fromages de Pascale. A r\u00e9\u00e9diter.<\/p>\n<p>Avis aux adh\u00e9rents\u00a0: on cherche des sp\u00e9cialistes du vin chaud ou des bons coupeurs de citrons \/ oranges, pour nous aider \u00e0 pr\u00e9parer la prochaine rencontre en d\u00e9cembre\u00a0: le mardi vin chaud.<\/p>\n","protected":false},"excerpt":{"rendered":"<p>Cette soir\u00e9e a \u00e9t\u00e9 l&rsquo;occasion de compl\u00e9ter la distribution par une pr\u00e9sentation aux nouveaux adh\u00e9rents de l&rsquo;Amap (les contraintes d&rsquo;une Amap et les avantages pour les producteurs, pour nous et pour notre environnement). Une pr\u00e9sentation des b\u00e9n\u00e9voles (en chemise hawa\u00efenne), &hellip; <a href=\"https:\/\/escale-amap.fr\/index.php\/actualites\/journee-nouveau-adherents-du-15-septembre\/\">Continuer la lecture <span class=\"meta-nav\">&rarr;<\/span><\/a><\/p>\n","protected":false},"author":1,"featured_media":0,"comment_status":"open","ping_status":"open","sticky":false,"template":"","format":"standard","meta":{"footnotes":""},"categories":[3,5],"tags":[],"class_list":["post-951","post","type-post","status-publish","format-standard","hentry","category-actualites","category-vie-de-lamap"],"_links":{"self":[{"href":"https:\/\/escale-amap.fr\/index.php\/wp-json\/wp\/v2\/posts\/951","targetHints":{"allow":["GET"]}}],"collection":[{"href":"https:\/\/escale-amap.fr\/index.php\/wp-json\/wp\/v2\/posts"}],"about":[{"href":"https:\/\/escale-amap.fr\/index.php\/wp-json\/wp\/v2\/types\/post"}],"author":[{"embeddable":true,"href":"https:\/\/escale-amap.fr\/index.php\/wp-json\/wp\/v2\/users\/1"}],"replies":[{"embeddable":true,"href":"https:\/\/escale-amap.fr\/index.php\/wp-json\/wp\/v2\/comments?post=951"}],"version-history":[{"count":0,"href":"https:\/\/escale-amap.fr\/index.php\/wp-json\/wp\/v2\/posts\/951\/revisions"}],"wp:attachment":[{"href":"https:\/\/escale-amap.fr\/index.php\/wp-json\/wp\/v2\/media?parent=951"}],"wp:term":[{"taxonomy":"category","embeddable":true,"href":"https:\/\/escale-amap.fr\/index.php\/wp-json\/wp\/v2\/categories?post=951"},{"taxonomy":"post_tag","embeddable":true,"href":"https:\/\/escale-amap.fr\/index.php\/wp-json\/wp\/v2\/tags?post=951"}],"curies":[{"name":"wp","href":"https:\/\/api.w.org\/{rel}","templated":true}]}}