{"id":920,"date":"2015-09-06T15:50:22","date_gmt":"2015-09-06T14:50:22","guid":{"rendered":"http:\/\/escaleamap.free.fr\/?p=920"},"modified":"2015-09-06T15:50:22","modified_gmt":"2015-09-06T14:50:22","slug":"des-nouvelles-de-la-ferme-du-salet-suite-aux-orages","status":"publish","type":"post","link":"https:\/\/escale-amap.fr\/index.php\/actualites\/des-nouvelles-de-la-ferme-du-salet-suite-aux-orages\/","title":{"rendered":"Des nouvelles de la ferme de la Guillotte suite aux orages"},"content":{"rendered":"<div>Comme vous le savez, il y a eu un gros orage sur Montauban en d\u00e9but de semaine. Nos producteurs de fruits en ont souffert. Voici de leurs nouvelles.<\/div>\n<div><\/div>\n<div>L&rsquo;\u00e9lectricit\u00e9 est revenue jeudi matin.<\/div>\n<div>Ils n&rsquo;ont pas \u00e9t\u00e9 trop touch\u00e9s et estiment avoir eu de la chance (ou tout du moins plus de chance que d&rsquo;autre agriculteurs plus proches de Montauban) :<\/div>\n<div>* Le figuier s&rsquo;est fait \u00e9cras\u00e9 par la chute d&rsquo;un arbre ==&gt; plus de figues pour l&rsquo;AMAP.<\/div>\n<div>* Une herse rotative s&rsquo;est retrouv\u00e9e amoch\u00e9e par la chute d&rsquo;un autre arbre, mais St\u00e9phane devrait pouvoir redresser tout \u00e7\u00e0.<\/div>\n<div>* Cot\u00e9 fruitier pas de d\u00e9g\u00e2ts sur les arbres.<\/div>\n<div>* Seuls les pommiers ont perdu pas mal de leur fruits. C&rsquo;est la course pour ramasser les fruits tant qu&rsquo;ils sont saints afin de les envoyer en transformation ==&gt; beaucoup de jus de pommes en perspectives<\/div>\n<div>* Concernant les pommes toujours, la chambre froide n&rsquo;ayant pas fonctionner durant plusieurs jours il craignent pour la gustativit\u00e9 ou la conservation de leurs fruits.<\/div>\n<div>* Les raisins ont \u00e9t\u00e9 sauv\u00e9s : c&rsquo;est la premi\u00e8re ann\u00e9e qu&rsquo;ils mettaient les filets (et je pense que ce ne sera pas la derni\u00e8re).<\/div>\n","protected":false},"excerpt":{"rendered":"<p>Comme vous le savez, il y a eu un gros orage sur Montauban en d\u00e9but de semaine. Nos producteurs de fruits en ont souffert. Voici de leurs nouvelles. L&rsquo;\u00e9lectricit\u00e9 est revenue jeudi matin. Ils n&rsquo;ont pas \u00e9t\u00e9 trop touch\u00e9s et &hellip; <a href=\"https:\/\/escale-amap.fr\/index.php\/actualites\/des-nouvelles-de-la-ferme-du-salet-suite-aux-orages\/\">Continuer la lecture <span class=\"meta-nav\">&rarr;<\/span><\/a><\/p>\n","protected":false},"author":1,"featured_media":0,"comment_status":"open","ping_status":"open","sticky":false,"template":"","format":"standard","meta":{"footnotes":""},"categories":[3,6],"tags":[],"class_list":["post-920","post","type-post","status-publish","format-standard","hentry","category-actualites","category-vie-de-la-ferme"],"_links":{"self":[{"href":"https:\/\/escale-amap.fr\/index.php\/wp-json\/wp\/v2\/posts\/920","targetHints":{"allow":["GET"]}}],"collection":[{"href":"https:\/\/escale-amap.fr\/index.php\/wp-json\/wp\/v2\/posts"}],"about":[{"href":"https:\/\/escale-amap.fr\/index.php\/wp-json\/wp\/v2\/types\/post"}],"author":[{"embeddable":true,"href":"https:\/\/escale-amap.fr\/index.php\/wp-json\/wp\/v2\/users\/1"}],"replies":[{"embeddable":true,"href":"https:\/\/escale-amap.fr\/index.php\/wp-json\/wp\/v2\/comments?post=920"}],"version-history":[{"count":0,"href":"https:\/\/escale-amap.fr\/index.php\/wp-json\/wp\/v2\/posts\/920\/revisions"}],"wp:attachment":[{"href":"https:\/\/escale-amap.fr\/index.php\/wp-json\/wp\/v2\/media?parent=920"}],"wp:term":[{"taxonomy":"category","embeddable":true,"href":"https:\/\/escale-amap.fr\/index.php\/wp-json\/wp\/v2\/categories?post=920"},{"taxonomy":"post_tag","embeddable":true,"href":"https:\/\/escale-amap.fr\/index.php\/wp-json\/wp\/v2\/tags?post=920"}],"curies":[{"name":"wp","href":"https:\/\/api.w.org\/{rel}","templated":true}]}}