{"id":779,"date":"2015-05-08T05:38:17","date_gmt":"2015-05-08T04:38:17","guid":{"rendered":"http:\/\/escaleamap.free.fr\/?p=779"},"modified":"2015-05-08T05:38:17","modified_gmt":"2015-05-08T04:38:17","slug":"journee-pizzas-a-la-ferme-du-salet","status":"publish","type":"post","link":"https:\/\/escale-amap.fr\/index.php\/actualites\/journee-pizzas-a-la-ferme-du-salet\/","title":{"rendered":"Journ\u00e9e \u00ab\u00a0pizzas\u00a0\u00bb \u00e0 la ferme du Salet"},"content":{"rendered":"<p>Dimanche 7 juin 2015, nous nous retrouverons \u00e0 la ferme du Salet chez C\u00e9cile et Vincent\u00a0, nos producteurs d\u2019\u0153ufs et de poulets.<\/p>\n<p>Ce sera l\u2019occasion d\u2019inaugurer officiellement le nouveau fournil par une grande \u00ab\u00a0pizza partie\u00a0\u00bb du genre pizza auberge espagnole.<\/p>\n<p>Chacun apportera des garnitures pour faire des pizzas (coulis de tomate, fromage r\u00e2p\u00e9, mozarella et tout autre fromage, jambon, lardons, champignons, tout autre l\u00e9gume ou innovation qui seront les bienvenus!!!)<\/p>\n<p>Pour le reste, vous pouvez aussi apporter ce que vous voulez, comme boisson, fromage, saucisson, chips, salade, .. ainsi que vos ASSIETTES et COUVERTS<\/p>\n<p>C\u00e9cile et Vincent assurent la p\u00e2te \u00e0 pizza, le pain, un dessert surprise et quelques boissons s&rsquo;il y a un manque&#8230;<\/p>\n<p><a href=\"http:\/\/escaleamap.free.fr\/wp-content\/uploads\/pizza2.jpg\"><img loading=\"lazy\" decoding=\"async\" class=\"alignnone size-full wp-image-784\" alt=\"pizza\" src=\"http:\/\/escaleamap.free.fr\/wp-content\/uploads\/pizza2.jpg\" width=\"800\" height=\"536\" \/><\/a><\/p>\n<p>Si ce n\u2019est pas d\u00e9j\u00e0 fait, inscrivez-vous avec le nombre de personnes sur\u00a0:<\/p>\n<p><a href=\"https:\/\/framadate.org\/2i5l45ehbtwaits6\">https:\/\/framadate.org\/2i5l45ehbtwaits6<\/a> ce qui facilitera logistique et covoiturage \u00e9ventuel<\/p>\n<p>&nbsp;<\/p>\n<p>Voici d\u00e9j\u00e0 quelques indications pour trouver la ferme en plus du plan sur\u00a0 <a href=\"http:\/\/www.lafermedusalet.fr\/#\/ou-nous-trouver\/3857115\">http:\/\/www.lafermedusalet.fr\/ &#8211; \/ou-nous-trouver\/3857115<\/a>\u00a0:<\/p>\n<p>&#8211; De Villefranche de Lauragais, prendre Gardouch. Peu apr\u00e8s le canal, prendre sur la gauche direction Salles sur l&rsquo;Hers<\/p>\n<p>&#8211; A Salles, on tombe sur l&rsquo;\u00e9glise et prendre \u00e0 droite direction Belpech\/Mirepoix<\/p>\n<p>Suivre pendant 5 ou 6 km la direction Mirepoix jusqu&rsquo;\u00e0 trouver sur la gauche un\u00a0 panneau Peyrefitte sur l&rsquo;Hers<\/p>\n<p>&#8211; Monter dans le village, le traverser en restant sur la route principale, tout droit<\/p>\n<p>&#8211; Apr\u00e8s la sortie, il y a une patte d&rsquo;oie, prendre \u00e0 droite la route qui monte un peu<\/p>\n<p>&#8211; C&rsquo;est quelques centaines de m\u00e8tres apr\u00e8s, le premier chemin sur la droite<\/p>\n<p>&#8211; Sur la carte, vous pourrez voir que notre ferme se trouve entre les villages de Peyrefitte et de Mayreville, sur la route qui longe la cr\u00eate.<\/p>\n<p>&#8211; Si vous d\u00e9passez le chemin, vous verrez sur votre droite un grand b\u00e2timent pas fini en briques et bardage bois, c&rsquo;est l\u00e0!!!<\/p>\n","protected":false},"excerpt":{"rendered":"<p>Dimanche 7 juin 2015, nous nous retrouverons \u00e0 la ferme du Salet chez C\u00e9cile et Vincent\u00a0, nos producteurs d\u2019\u0153ufs et de poulets. Ce sera l\u2019occasion d\u2019inaugurer officiellement le nouveau fournil par une grande \u00ab\u00a0pizza partie\u00a0\u00bb du genre pizza auberge espagnole. &hellip; <a href=\"https:\/\/escale-amap.fr\/index.php\/actualites\/journee-pizzas-a-la-ferme-du-salet\/\">Continuer la lecture <span class=\"meta-nav\">&rarr;<\/span><\/a><\/p>\n","protected":false},"author":1,"featured_media":0,"comment_status":"open","ping_status":"open","sticky":false,"template":"","format":"standard","meta":{"footnotes":""},"categories":[3,6],"tags":[],"class_list":["post-779","post","type-post","status-publish","format-standard","hentry","category-actualites","category-vie-de-la-ferme"],"_links":{"self":[{"href":"https:\/\/escale-amap.fr\/index.php\/wp-json\/wp\/v2\/posts\/779","targetHints":{"allow":["GET"]}}],"collection":[{"href":"https:\/\/escale-amap.fr\/index.php\/wp-json\/wp\/v2\/posts"}],"about":[{"href":"https:\/\/escale-amap.fr\/index.php\/wp-json\/wp\/v2\/types\/post"}],"author":[{"embeddable":true,"href":"https:\/\/escale-amap.fr\/index.php\/wp-json\/wp\/v2\/users\/1"}],"replies":[{"embeddable":true,"href":"https:\/\/escale-amap.fr\/index.php\/wp-json\/wp\/v2\/comments?post=779"}],"version-history":[{"count":0,"href":"https:\/\/escale-amap.fr\/index.php\/wp-json\/wp\/v2\/posts\/779\/revisions"}],"wp:attachment":[{"href":"https:\/\/escale-amap.fr\/index.php\/wp-json\/wp\/v2\/media?parent=779"}],"wp:term":[{"taxonomy":"category","embeddable":true,"href":"https:\/\/escale-amap.fr\/index.php\/wp-json\/wp\/v2\/categories?post=779"},{"taxonomy":"post_tag","embeddable":true,"href":"https:\/\/escale-amap.fr\/index.php\/wp-json\/wp\/v2\/tags?post=779"}],"curies":[{"name":"wp","href":"https:\/\/api.w.org\/{rel}","templated":true}]}}