{"id":773,"date":"2015-03-23T10:02:27","date_gmt":"2015-03-23T09:02:27","guid":{"rendered":"http:\/\/escaleamap.free.fr\/?p=773"},"modified":"2015-03-23T10:02:27","modified_gmt":"2015-03-23T09:02:27","slug":"demarrage-de-saison-pour-amabiquette","status":"publish","type":"post","link":"https:\/\/escale-amap.fr\/index.php\/actualites\/demarrage-de-saison-pour-amabiquette\/","title":{"rendered":"D\u00e9marrage de saison pour Amabiquette"},"content":{"rendered":"<p>Mardi dernier, \u00e0 l&rsquo;occasion du d\u00e9marrage de la nouvelle saison d&rsquo;Amabiquette, les distributions ont \u00e9t\u00e9 faites \u00e0 la ferme de P\u00e9riole. Et bien s\u00fbr&#8230; repas partag\u00e9 et plancha&#8230;. pour se r\u00e9chauffer.<\/p>\n<p><a href=\"http:\/\/escaleamap.free.fr\/wp-content\/uploads\/periole-20151.jpg\"><img loading=\"lazy\" decoding=\"async\" class=\"alignnone size-full wp-image-774\" alt=\"periole 20151\" src=\"http:\/\/escaleamap.free.fr\/wp-content\/uploads\/periole-20151.jpg\" width=\"800\" height=\"600\" \/><\/a><\/p>\n<p><a href=\"http:\/\/escaleamap.free.fr\/wp-content\/uploads\/periole20153.jpg\"><img loading=\"lazy\" decoding=\"async\" class=\"alignnone size-full wp-image-776\" alt=\"periole20153\" src=\"http:\/\/escaleamap.free.fr\/wp-content\/uploads\/periole20153.jpg\" width=\"800\" height=\"600\" \/><\/a><\/p>\n<p><a href=\"http:\/\/escaleamap.free.fr\/wp-content\/uploads\/periole20154.jpg\"><img loading=\"lazy\" decoding=\"async\" class=\"alignnone size-full wp-image-777\" alt=\"periole20154\" src=\"http:\/\/escaleamap.free.fr\/wp-content\/uploads\/periole20154.jpg\" width=\"800\" height=\"600\" \/><\/a><\/p>\n<p><a href=\"http:\/\/escaleamap.free.fr\/wp-content\/uploads\/periole20152.jpg\"><img loading=\"lazy\" decoding=\"async\" class=\"alignnone size-full wp-image-775\" alt=\"periole20152\" src=\"http:\/\/escaleamap.free.fr\/wp-content\/uploads\/periole20152.jpg\" width=\"800\" height=\"600\" \/><\/a><\/p>\n<p>&nbsp;<\/p>\n<p>&nbsp;<\/p>\n","protected":false},"excerpt":{"rendered":"<p>Mardi dernier, \u00e0 l&rsquo;occasion du d\u00e9marrage de la nouvelle saison d&rsquo;Amabiquette, les distributions ont \u00e9t\u00e9 faites \u00e0 la ferme de P\u00e9riole. Et bien s\u00fbr&#8230; repas partag\u00e9 et plancha&#8230;. pour se r\u00e9chauffer. &nbsp; &nbsp;<\/p>\n","protected":false},"author":1,"featured_media":0,"comment_status":"open","ping_status":"open","sticky":false,"template":"","format":"standard","meta":{"footnotes":""},"categories":[3,5],"tags":[],"class_list":["post-773","post","type-post","status-publish","format-standard","hentry","category-actualites","category-vie-de-lamap"],"_links":{"self":[{"href":"https:\/\/escale-amap.fr\/index.php\/wp-json\/wp\/v2\/posts\/773","targetHints":{"allow":["GET"]}}],"collection":[{"href":"https:\/\/escale-amap.fr\/index.php\/wp-json\/wp\/v2\/posts"}],"about":[{"href":"https:\/\/escale-amap.fr\/index.php\/wp-json\/wp\/v2\/types\/post"}],"author":[{"embeddable":true,"href":"https:\/\/escale-amap.fr\/index.php\/wp-json\/wp\/v2\/users\/1"}],"replies":[{"embeddable":true,"href":"https:\/\/escale-amap.fr\/index.php\/wp-json\/wp\/v2\/comments?post=773"}],"version-history":[{"count":0,"href":"https:\/\/escale-amap.fr\/index.php\/wp-json\/wp\/v2\/posts\/773\/revisions"}],"wp:attachment":[{"href":"https:\/\/escale-amap.fr\/index.php\/wp-json\/wp\/v2\/media?parent=773"}],"wp:term":[{"taxonomy":"category","embeddable":true,"href":"https:\/\/escale-amap.fr\/index.php\/wp-json\/wp\/v2\/categories?post=773"},{"taxonomy":"post_tag","embeddable":true,"href":"https:\/\/escale-amap.fr\/index.php\/wp-json\/wp\/v2\/tags?post=773"}],"curies":[{"name":"wp","href":"https:\/\/api.w.org\/{rel}","templated":true}]}}