{"id":764,"date":"2015-03-02T12:10:45","date_gmt":"2015-03-02T11:10:45","guid":{"rendered":"http:\/\/escaleamap.free.fr\/?p=764"},"modified":"2015-03-02T12:10:45","modified_gmt":"2015-03-02T11:10:45","slug":"dernieres-news","status":"publish","type":"post","link":"https:\/\/escale-amap.fr\/index.php\/non-classe\/dernieres-news\/","title":{"rendered":"Derni\u00e8res news"},"content":{"rendered":"<div><\/div>\n<div>\u00a0<strong>F\u00eate, d\u00e9gustation, distribution, r\u00e9-inscription \u00e0 la ferme de P\u00e9riole<\/strong><\/div>\n<div>le 17 mars (comme l&rsquo;ann\u00e9e pr\u00e9c\u00e9dente), Pascale notre productrice de fromage de ch\u00e8vre, nous invite chez elle. Ce sera l&rsquo;occasion de partager une auberge espagnole, de d\u00e9guster de la viande de Jurgen, des fromages de Pascale, des omelettes de C\u00e9cile et Vincent, des l\u00e9gumes d&rsquo;Olivier\u2026 La distribution de l\u00e9gumes (l&rsquo;avant derni\u00e8re) se fera exceptionnellement au m\u00eame endroit. Enfin ce sera aussi l&rsquo;occasion de se r\u00e9-inscrire pour une nouvelle saison de fromage de ch\u00e8vre.<\/div>\n<div>R\u00e9servez la soir\u00e9e. Un message + d\u00e9taill\u00e9 suivra.<\/div>\n<div><\/div>\n<div><strong>Assembl\u00e9e g\u00e9n\u00e9rale<\/strong><\/div>\n<div>le 24 mars, apr\u00e8s la derni\u00e8re livraison de l\u00e9gumes pour 2014-2015, vous \u00eates tous invit\u00e9s \u00e0 l&rsquo;assembl\u00e9e g\u00e9n\u00e9rale qui se tiendra rue du Coustou. Si vous avez un peu de temps pour participer \u00e0 la vie de l&rsquo;association, vous \u00eates les bienvenus.<\/div>\n","protected":false},"excerpt":{"rendered":"<p>\u00a0F\u00eate, d\u00e9gustation, distribution, r\u00e9-inscription \u00e0 la ferme de P\u00e9riole le 17 mars (comme l&rsquo;ann\u00e9e pr\u00e9c\u00e9dente), Pascale notre productrice de fromage de ch\u00e8vre, nous invite chez elle. Ce sera l&rsquo;occasion de partager une auberge espagnole, de d\u00e9guster de la viande de &hellip; <a href=\"https:\/\/escale-amap.fr\/index.php\/non-classe\/dernieres-news\/\">Continuer la lecture <span class=\"meta-nav\">&rarr;<\/span><\/a><\/p>\n","protected":false},"author":1,"featured_media":0,"comment_status":"open","ping_status":"open","sticky":false,"template":"","format":"standard","meta":{"footnotes":""},"categories":[1],"tags":[],"class_list":["post-764","post","type-post","status-publish","format-standard","hentry","category-non-classe"],"_links":{"self":[{"href":"https:\/\/escale-amap.fr\/index.php\/wp-json\/wp\/v2\/posts\/764","targetHints":{"allow":["GET"]}}],"collection":[{"href":"https:\/\/escale-amap.fr\/index.php\/wp-json\/wp\/v2\/posts"}],"about":[{"href":"https:\/\/escale-amap.fr\/index.php\/wp-json\/wp\/v2\/types\/post"}],"author":[{"embeddable":true,"href":"https:\/\/escale-amap.fr\/index.php\/wp-json\/wp\/v2\/users\/1"}],"replies":[{"embeddable":true,"href":"https:\/\/escale-amap.fr\/index.php\/wp-json\/wp\/v2\/comments?post=764"}],"version-history":[{"count":0,"href":"https:\/\/escale-amap.fr\/index.php\/wp-json\/wp\/v2\/posts\/764\/revisions"}],"wp:attachment":[{"href":"https:\/\/escale-amap.fr\/index.php\/wp-json\/wp\/v2\/media?parent=764"}],"wp:term":[{"taxonomy":"category","embeddable":true,"href":"https:\/\/escale-amap.fr\/index.php\/wp-json\/wp\/v2\/categories?post=764"},{"taxonomy":"post_tag","embeddable":true,"href":"https:\/\/escale-amap.fr\/index.php\/wp-json\/wp\/v2\/tags?post=764"}],"curies":[{"name":"wp","href":"https:\/\/api.w.org\/{rel}","templated":true}]}}