{"id":693,"date":"2014-09-11T17:06:49","date_gmt":"2014-09-11T16:06:49","guid":{"rendered":"http:\/\/escaleamap.free.fr\/?p=693"},"modified":"2014-09-11T17:06:49","modified_gmt":"2014-09-11T16:06:49","slug":"visite-et-pique-nique-a-la-ferme-de-guillotte","status":"publish","type":"post","link":"https:\/\/escale-amap.fr\/index.php\/actualites\/visite-et-pique-nique-a-la-ferme-de-guillotte\/","title":{"rendered":"Visite et pique nique \u00e0 la ferme de Guillotte"},"content":{"rendered":"<div style=\"text-align: center;\"><a href=\"http:\/\/escaleamap.free.fr\/wp-content\/uploads\/61753249.jpg\"><img loading=\"lazy\" decoding=\"async\" class=\"alignnone size-medium wp-image-694\" alt=\"61753249\" src=\"http:\/\/escaleamap.free.fr\/wp-content\/uploads\/61753249-300x225.jpg\" width=\"300\" height=\"225\" \/><\/a><\/div>\n<div>Christine et St\u00e9phane nous convient \u00e0 d\u00e9couvrir leur exploitation le dimanche 28 septembre.<\/div>\n<div>Le rendez vous est \u00e0 11h, pour la visite de l&rsquo;exploitation, puis nous poursuivrons par un ap\u00e9ritif et un pique-nique.<\/div>\n<div><\/div>\n<div>La formule pour le pique-nique est la traditionnelle auberge espagnole (chacun am\u00e8ne de quoi manger qu&rsquo;il partage avec ses h\u00f4tes).<\/div>\n<div><\/div>\n<div>Afin que Christine et St\u00e9phane s&rsquo;organisent n&rsquo;oubliez pas de vous inscrire (par mail) avant le 21 septembre.<\/div>\n","protected":false},"excerpt":{"rendered":"<p>Christine et St\u00e9phane nous convient \u00e0 d\u00e9couvrir leur exploitation le dimanche 28 septembre. Le rendez vous est \u00e0 11h, pour la visite de l&rsquo;exploitation, puis nous poursuivrons par un ap\u00e9ritif et un pique-nique. La formule pour le pique-nique est la &hellip; <a href=\"https:\/\/escale-amap.fr\/index.php\/actualites\/visite-et-pique-nique-a-la-ferme-de-guillotte\/\">Continuer la lecture <span class=\"meta-nav\">&rarr;<\/span><\/a><\/p>\n","protected":false},"author":1,"featured_media":0,"comment_status":"open","ping_status":"open","sticky":false,"template":"","format":"standard","meta":{"footnotes":""},"categories":[3,6],"tags":[],"class_list":["post-693","post","type-post","status-publish","format-standard","hentry","category-actualites","category-vie-de-la-ferme"],"_links":{"self":[{"href":"https:\/\/escale-amap.fr\/index.php\/wp-json\/wp\/v2\/posts\/693","targetHints":{"allow":["GET"]}}],"collection":[{"href":"https:\/\/escale-amap.fr\/index.php\/wp-json\/wp\/v2\/posts"}],"about":[{"href":"https:\/\/escale-amap.fr\/index.php\/wp-json\/wp\/v2\/types\/post"}],"author":[{"embeddable":true,"href":"https:\/\/escale-amap.fr\/index.php\/wp-json\/wp\/v2\/users\/1"}],"replies":[{"embeddable":true,"href":"https:\/\/escale-amap.fr\/index.php\/wp-json\/wp\/v2\/comments?post=693"}],"version-history":[{"count":0,"href":"https:\/\/escale-amap.fr\/index.php\/wp-json\/wp\/v2\/posts\/693\/revisions"}],"wp:attachment":[{"href":"https:\/\/escale-amap.fr\/index.php\/wp-json\/wp\/v2\/media?parent=693"}],"wp:term":[{"taxonomy":"category","embeddable":true,"href":"https:\/\/escale-amap.fr\/index.php\/wp-json\/wp\/v2\/categories?post=693"},{"taxonomy":"post_tag","embeddable":true,"href":"https:\/\/escale-amap.fr\/index.php\/wp-json\/wp\/v2\/tags?post=693"}],"curies":[{"name":"wp","href":"https:\/\/api.w.org\/{rel}","templated":true}]}}