{"id":678,"date":"2014-07-09T13:23:49","date_gmt":"2014-07-09T12:23:49","guid":{"rendered":"http:\/\/escaleamap.free.fr\/?p=678"},"modified":"2014-07-09T13:23:49","modified_gmt":"2014-07-09T12:23:49","slug":"doodle-fruits","status":"publish","type":"post","link":"https:\/\/escale-amap.fr\/index.php\/actualites\/doodle-fruits\/","title":{"rendered":"Doodle fruits"},"content":{"rendered":"<div>Le planning de distribution des l\u00e9gumes pour la saison 2014\/2015 est disponible via le lien suivant: <a href=\"http:\/\/doodle.com\/b688vpgfx2dxmtn7\">http:\/\/doodle.com\/b688vpgfx2dxmtn7<\/a><\/div>\n<div>Le principe consiste \u00e0 s&rsquo;inscrire 2 soirs de pr\u00e9f\u00e9rence r\u00e9partis sur la saison pour aider nos producteurs Christine et St\u00e9phane et assister les Amapiens.<\/div>\n<div><\/div>\n<div>Merci d&rsquo;indiquer vos NOM Pr\u00e9nom (Adresse email) lors de l&rsquo;inscription sur le doodle.<\/div>\n<div>Voici le r\u00f4le des \u00ab\u00a0assistants\u00a0\u00bb de distribution: (pr\u00e9sence de 18h45 \u00e0 20h15 \u00e0 la salle du pr\u00e9fabriqu\u00e9 (fl\u00e9chage restos du c\u0153ur) rue du Coustou \u00e0 Escalquens),<\/div>\n<div>\u00b7 Aider St\u00e9phane ou Christine \u00e0 d\u00e9charger les fruits,<\/div>\n<div>\u00b7 Installer les tables,<\/div>\n<div>\u00b7 Faire signer la feuille d&rsquo;\u00e9margement.<\/div>\n<div>\u00b7 \u00c9ventuellement t\u00e9l\u00e9phoner aux retardataires,<\/div>\n<div>\u00b7 Et terminer par le nettoyage des lieux. Les balais se trouvent dans le local situ\u00e9 derri\u00e8re le pr\u00e9fabriqu\u00e9.<\/div>\n<div><\/div>\n<div>Bien entendu certaines taches se feront en collaboration avec les assistants de distribution des l\u00e9gumes.<\/div>\n<div><\/div>\n<div>Nous vous enverrons un message de rappel quand votre tour viendra.<\/div>\n<div><\/div>\n<div>Merci par avance pour votre contribution.<\/div>\n","protected":false},"excerpt":{"rendered":"<p>Le planning de distribution des l\u00e9gumes pour la saison 2014\/2015 est disponible via le lien suivant: http:\/\/doodle.com\/b688vpgfx2dxmtn7 Le principe consiste \u00e0 s&rsquo;inscrire 2 soirs de pr\u00e9f\u00e9rence r\u00e9partis sur la saison pour aider nos producteurs Christine et St\u00e9phane et assister les &hellip; <a href=\"https:\/\/escale-amap.fr\/index.php\/actualites\/doodle-fruits\/\">Continuer la lecture <span class=\"meta-nav\">&rarr;<\/span><\/a><\/p>\n","protected":false},"author":1,"featured_media":0,"comment_status":"open","ping_status":"open","sticky":false,"template":"","format":"standard","meta":{"footnotes":""},"categories":[3,10],"tags":[],"class_list":["post-678","post","type-post","status-publish","format-standard","hentry","category-actualites","category-liens-doodle"],"_links":{"self":[{"href":"https:\/\/escale-amap.fr\/index.php\/wp-json\/wp\/v2\/posts\/678","targetHints":{"allow":["GET"]}}],"collection":[{"href":"https:\/\/escale-amap.fr\/index.php\/wp-json\/wp\/v2\/posts"}],"about":[{"href":"https:\/\/escale-amap.fr\/index.php\/wp-json\/wp\/v2\/types\/post"}],"author":[{"embeddable":true,"href":"https:\/\/escale-amap.fr\/index.php\/wp-json\/wp\/v2\/users\/1"}],"replies":[{"embeddable":true,"href":"https:\/\/escale-amap.fr\/index.php\/wp-json\/wp\/v2\/comments?post=678"}],"version-history":[{"count":0,"href":"https:\/\/escale-amap.fr\/index.php\/wp-json\/wp\/v2\/posts\/678\/revisions"}],"wp:attachment":[{"href":"https:\/\/escale-amap.fr\/index.php\/wp-json\/wp\/v2\/media?parent=678"}],"wp:term":[{"taxonomy":"category","embeddable":true,"href":"https:\/\/escale-amap.fr\/index.php\/wp-json\/wp\/v2\/categories?post=678"},{"taxonomy":"post_tag","embeddable":true,"href":"https:\/\/escale-amap.fr\/index.php\/wp-json\/wp\/v2\/tags?post=678"}],"curies":[{"name":"wp","href":"https:\/\/api.w.org\/{rel}","templated":true}]}}