{"id":634,"date":"2014-03-19T08:57:57","date_gmt":"2014-03-19T07:57:57","guid":{"rendered":"http:\/\/escaleamap.free.fr\/?p=634"},"modified":"2014-03-19T08:57:57","modified_gmt":"2014-03-19T07:57:57","slug":"livraison-du-25-mars-2014","status":"publish","type":"post","link":"https:\/\/escale-amap.fr\/index.php\/actualites\/livraison-du-25-mars-2014\/","title":{"rendered":"Livraison du 25 mars 2014"},"content":{"rendered":"<p><span style=\"color: #000000; font-family: Times New Roman; font-size: medium;\">Rappel : La livraison (l\u00e9gumes + viande) du <strong>mardi 25 mars est d\u00e9plac\u00e9e \u00e0 <\/strong><strong>la ferme de P\u00e9riole<\/strong>, \u00e0 Auzielle (6mn d&rsquo;Escalquens).<\/span><\/p>\n<p>Pascale nous invite \u00e0 visiter sa ferme et \u00e0 casser la cro\u00fbte \u00e0 l&rsquo;occasion de la derni\u00e8re livraison de l\u00e9gumes de l&rsquo;ann\u00e9e. C&rsquo;est l&rsquo;occasion de d\u00e9couvrir les ch\u00e8vres, le labo de fabrication des fromages et les chevreaux et de rencontrer les producteurs&#8230;<br \/>\nIl y aura un bbq avec de la viande de J\u00fcrgen, des rillettes de C\u00e9cile et des fromages de Pascale en plus de l&rsquo;auberge espagnole : un bon moment pour nous retrouver.<\/p>\n<p>Merci\u00a0de renseigner le Doodle suivant (sucr\u00e9, sal\u00e9, nbre de personnes) : <a href=\"http:\/\/doodle.com\/d43tnefnv2z5s8et\"><span style=\"text-decoration: underline;\"><span style=\"color: #0000ff; font-family: Times New Roman; font-size: medium;\">http:\/\/doodle.com\/d43tnefnv2z5s8et<\/span><\/span><\/a><br \/>\n<span style=\"color: #000000; font-family: Times New Roman; font-size: medium;\"> Pensez \u00e0 amener aussi des couverts, assiettes, verres, si possible.<\/span><\/p>\n<p><a href=\"http:\/\/escaleamap.free.fr\/wp-content\/uploads\/FermeDePeriole.jpg\"><img loading=\"lazy\" decoding=\"async\" alt=\"FermeDePeriole\" src=\"http:\/\/escaleamap.free.fr\/wp-content\/uploads\/FermeDePeriole-242x300.jpg\" width=\"242\" height=\"300\" \/><\/a><\/p>\n<p>&nbsp;<\/p>\n","protected":false},"excerpt":{"rendered":"<p>Rappel : La livraison (l\u00e9gumes + viande) du mardi 25 mars est d\u00e9plac\u00e9e \u00e0 la ferme de P\u00e9riole, \u00e0 Auzielle (6mn d&rsquo;Escalquens). Pascale nous invite \u00e0 visiter sa ferme et \u00e0 casser la cro\u00fbte \u00e0 l&rsquo;occasion de la derni\u00e8re livraison &hellip; <a href=\"https:\/\/escale-amap.fr\/index.php\/actualites\/livraison-du-25-mars-2014\/\">Continuer la lecture <span class=\"meta-nav\">&rarr;<\/span><\/a><\/p>\n","protected":false},"author":1,"featured_media":0,"comment_status":"open","ping_status":"open","sticky":false,"template":"","format":"standard","meta":{"footnotes":""},"categories":[3],"tags":[],"class_list":["post-634","post","type-post","status-publish","format-standard","hentry","category-actualites"],"_links":{"self":[{"href":"https:\/\/escale-amap.fr\/index.php\/wp-json\/wp\/v2\/posts\/634","targetHints":{"allow":["GET"]}}],"collection":[{"href":"https:\/\/escale-amap.fr\/index.php\/wp-json\/wp\/v2\/posts"}],"about":[{"href":"https:\/\/escale-amap.fr\/index.php\/wp-json\/wp\/v2\/types\/post"}],"author":[{"embeddable":true,"href":"https:\/\/escale-amap.fr\/index.php\/wp-json\/wp\/v2\/users\/1"}],"replies":[{"embeddable":true,"href":"https:\/\/escale-amap.fr\/index.php\/wp-json\/wp\/v2\/comments?post=634"}],"version-history":[{"count":0,"href":"https:\/\/escale-amap.fr\/index.php\/wp-json\/wp\/v2\/posts\/634\/revisions"}],"wp:attachment":[{"href":"https:\/\/escale-amap.fr\/index.php\/wp-json\/wp\/v2\/media?parent=634"}],"wp:term":[{"taxonomy":"category","embeddable":true,"href":"https:\/\/escale-amap.fr\/index.php\/wp-json\/wp\/v2\/categories?post=634"},{"taxonomy":"post_tag","embeddable":true,"href":"https:\/\/escale-amap.fr\/index.php\/wp-json\/wp\/v2\/tags?post=634"}],"curies":[{"name":"wp","href":"https:\/\/api.w.org\/{rel}","templated":true}]}}