{"id":2519,"date":"2023-07-05T20:30:02","date_gmt":"2023-07-05T19:30:02","guid":{"rendered":"http:\/\/escaleamap.free.fr\/?p=2519"},"modified":"2023-07-05T20:30:02","modified_gmt":"2023-07-05T19:30:02","slug":"blettes-a-la-creme-moutardee","status":"publish","type":"post","link":"https:\/\/escale-amap.fr\/index.php\/recettes\/blettes-a-la-creme-moutardee\/","title":{"rendered":"Blettes \u00e0 la cr\u00e8me moutard\u00e9e"},"content":{"rendered":"\n<p>Bonjour \u00e0 tous, Philippe co-r\u00e9f\u00e9rent l\u00e9gumes avec Myriam nous partage une recette de blettes \u00e0 la cr\u00e8me moutard\u00e9e. Je vous la d\u00e9voile ici :\u00a0<\/p>\n<h2 class=\"yiv2334228727borderSection_title\"><span style=\"font-size: medium;\">INGR\u00c9DIENTS :\u00a0<span id=\"yiv2334228727ContentPlaceHolder_LblRecetteNombre\">4 PERS.<\/span><\/span><\/h2>\n<ul class=\"yiv2334228727txt-dark-gray\">\n<li>1 botte de blettes<\/li>\n<li>20 cl de cr\u00e8me fra\u00eeche liquide<\/li>\n<li>50 g de lardons<\/li>\n<li>2 c. \u00e0 soupe de moutarde \u00e0 l&rsquo;ancienne<\/li>\n<li>1 oignon<\/li>\n<li>sel, poivre du moulin<\/li>\n<\/ul>\n<div id=\"yiv2334228727mpuTop\" class=\"yiv2334228727cazAd\">\u00a0<\/div>\n<h2 class=\"yiv2334228727borderSection_title\"><span style=\"font-size: medium;\">PR\u00c9PARATION :<\/span><\/h2>\n<ul class=\"yiv2334228727borderSection_toolbar yiv2334228727icon-prepa\">\n<li id=\"yiv2334228727ContentPlaceHolder_trPrepa\">Pr\u00e9paration : <span id=\"yiv2334228727ContentPlaceHolder_LblRecetteTempsPrepa\">10 min<\/span><\/li>\n<li id=\"yiv2334228727ContentPlaceHolder_trCuisson\">Cuisson : <span id=\"yiv2334228727ContentPlaceHolder_LblRecetteTempsCuisson\">20 min<\/span>\n<h3><span style=\"color: #000000; font-size: medium;\">1.<\/span><\/h3>\n<p><span style=\"color: #000000;\">Lavez les blettes et coupez-les en tron\u00e7ons. V\u00e9rifiez bien qu\u2019il ne reste pas d&rsquo;impuret\u00e9s. Conservez le vert que vous allez d\u00e9tailler en petites lani\u00e8res \u00e0 l\u2019aide d\u2019un couteau.<\/span><\/p>\n<h3><span style=\"color: #000000; font-size: medium;\">2.<\/span><\/h3>\n<p><span style=\"color: #000000;\">Disposez les blettes dans un panier vapeur et faites cuire pendant 15 minutes environ. Piquez vos blettes au bout de 10 minutes afin de voir si elles sont cuites ou si elles m\u00e9ritent encore quelques minutes de cuisson.\u00a0<\/span><\/p>\n<h3><span style=\"color: #000000; font-size: medium;\">3.<\/span><\/h3>\n<p><span style=\"color: #000000;\">Coupez votre oignon et disposez-le dans une po\u00eale. Ajoutez les lardons et faites revenir jusqu&rsquo;\u00e0 ce que le m\u00e9lange soit bien dor\u00e9. Ajoutez les blettes ainsi que la partie verte coup\u00e9e en morceaux. Faites cuire quelques minutes afin que l&rsquo;ensemble soit bien dor\u00e9.\u00a0<\/span><\/p>\n<h3><span style=\"color: #000000; font-size: medium;\">4.<\/span><\/h3>\n<p><span style=\"color: #000000;\">Dans un bol, m\u00e9langez la moutarde et la cr\u00e8me fra\u00eeche. Versez dans la po\u00eale et m\u00e9langez afin de bien enrober les blettes. Salez peu et poivrez, selon vos go\u00fbts. D\u00e9gustez bien chaud.\u00a0<\/span><\/p>\n<div id=\"yiv2334228727dynInfeed2\" class=\"yiv2334228727dynInFeed\">\n<p class=\"yiv2334228727borderSection_title yiv2334228727margin-reduced\"><span style=\"font-size: medium; color: #000000;\">ASTUCES<\/span><\/p>\n<p class=\"yiv2334228727serif-secondary yiv2334228727txt-dark-gray\"><span style=\"color: #000000;\">Si vos enfants, n&rsquo;aiment pas trop les blettes, vous pouvez remplacer une partie des blettes par des pommes de terre. \u00c9pluchez 4 pommes de terre, lavez-les et coupez-les en morceaux. Disposez-les dans le panier vapeur avec les blettes et faites cuire l&rsquo;ensemble. Puis faites revenir le tout avec l&rsquo;oignon, les lardons et la cr\u00e8me.<\/span><\/p>\n<\/div>\n<em><span style=\"color: #ff6600;\"><strong>Si vous essayez cette recette, merci d&rsquo;envoyer la photo de votre plat au mail de l&rsquo;AMAP ou \u00e0 Claire du bureau, je la rajouterai ici !<\/strong><\/span><\/em><\/li>\n<\/ul>\n<p>\u00a0<\/p>\n<p><span style=\"color: #000000;\"><em>Nous sommes toujours \u00e0 la recherche de recettes \u00e0 partager aux adh\u00e9rents. Donc si vous avez une ou plusieurs recettes de saison qui utilise des l\u00e9gumes du panier, merci de me l\u2019envoyer (\u00e0 Claire du bureau) et de me dire si vous souhaitez que votre nom complet apparaisse ou seulement votre pr\u00e9nom, je me ferai un plaisir d\u2019\u00eatre votre relai et de la publier pour vous sur le blog.\u00a0<\/em><\/span><\/p>\n","protected":false},"excerpt":{"rendered":"","protected":false},"author":1,"featured_media":0,"comment_status":"closed","ping_status":"closed","sticky":false,"template":"","format":"standard","meta":{"footnotes":""},"categories":[4],"tags":[],"class_list":["post-2519","post","type-post","status-publish","format-standard","hentry","category-recettes"],"_links":{"self":[{"href":"https:\/\/escale-amap.fr\/index.php\/wp-json\/wp\/v2\/posts\/2519","targetHints":{"allow":["GET"]}}],"collection":[{"href":"https:\/\/escale-amap.fr\/index.php\/wp-json\/wp\/v2\/posts"}],"about":[{"href":"https:\/\/escale-amap.fr\/index.php\/wp-json\/wp\/v2\/types\/post"}],"author":[{"embeddable":true,"href":"https:\/\/escale-amap.fr\/index.php\/wp-json\/wp\/v2\/users\/1"}],"replies":[{"embeddable":true,"href":"https:\/\/escale-amap.fr\/index.php\/wp-json\/wp\/v2\/comments?post=2519"}],"version-history":[{"count":0,"href":"https:\/\/escale-amap.fr\/index.php\/wp-json\/wp\/v2\/posts\/2519\/revisions"}],"wp:attachment":[{"href":"https:\/\/escale-amap.fr\/index.php\/wp-json\/wp\/v2\/media?parent=2519"}],"wp:term":[{"taxonomy":"category","embeddable":true,"href":"https:\/\/escale-amap.fr\/index.php\/wp-json\/wp\/v2\/categories?post=2519"},{"taxonomy":"post_tag","embeddable":true,"href":"https:\/\/escale-amap.fr\/index.php\/wp-json\/wp\/v2\/tags?post=2519"}],"curies":[{"name":"wp","href":"https:\/\/api.w.org\/{rel}","templated":true}]}}