{"id":2363,"date":"2022-11-05T19:15:46","date_gmt":"2022-11-05T18:15:46","guid":{"rendered":"http:\/\/escaleamap.free.fr\/?p=2363"},"modified":"2022-11-05T19:15:46","modified_gmt":"2022-11-05T18:15:46","slug":"salade-de-radis-a-laneth","status":"publish","type":"post","link":"https:\/\/escale-amap.fr\/index.php\/recettes\/salade-de-radis-a-laneth\/","title":{"rendered":"Salade de radis \u00e0 l&rsquo;aneth"},"content":{"rendered":"\n<p><img loading=\"lazy\" decoding=\"async\" class=\"aligncenter\" src=\"https:\/\/media.istockphoto.com\/id\/186823678\/fr\/photo\/radis-frais.jpg?s=612x612&amp;w=0&amp;k=20&amp;c=dogQzjQ0Q7efVJJnlZxxADe94mh3kxcy1ef1zUxbg7M=\" alt=\"radis frais - radis photos et images de collection\" width=\"442\" height=\"295\" \/><\/p>\n<p>Pour accommoder des radis un peu trop piquants, j&rsquo;ai test\u00e9 d&rsquo;en faire une salade avec une sauce au yaourt grec. Vous verrez c&rsquo;est bluffant !<\/p>\n<p>Rien de plus simple, on lave bien les radis, on enl\u00e8ve une bonne moiti\u00e9 du rouge et on les coupe en fines lamelles. Puis on m\u00e9lange 1 yaourt grec (ou 2 si vous avez beaucoup de radis), du sel et de l&rsquo;aneth. On peut rajouter du concombre si on en a. Go\u00fbter pour rectifier l&rsquo;assaisonnement.<\/p>\n<p>Bon app\u00e9tit !<\/p>\n","protected":false},"excerpt":{"rendered":"","protected":false},"author":1,"featured_media":0,"comment_status":"closed","ping_status":"closed","sticky":false,"template":"","format":"standard","meta":{"footnotes":""},"categories":[4],"tags":[],"class_list":["post-2363","post","type-post","status-publish","format-standard","hentry","category-recettes"],"_links":{"self":[{"href":"https:\/\/escale-amap.fr\/index.php\/wp-json\/wp\/v2\/posts\/2363","targetHints":{"allow":["GET"]}}],"collection":[{"href":"https:\/\/escale-amap.fr\/index.php\/wp-json\/wp\/v2\/posts"}],"about":[{"href":"https:\/\/escale-amap.fr\/index.php\/wp-json\/wp\/v2\/types\/post"}],"author":[{"embeddable":true,"href":"https:\/\/escale-amap.fr\/index.php\/wp-json\/wp\/v2\/users\/1"}],"replies":[{"embeddable":true,"href":"https:\/\/escale-amap.fr\/index.php\/wp-json\/wp\/v2\/comments?post=2363"}],"version-history":[{"count":0,"href":"https:\/\/escale-amap.fr\/index.php\/wp-json\/wp\/v2\/posts\/2363\/revisions"}],"wp:attachment":[{"href":"https:\/\/escale-amap.fr\/index.php\/wp-json\/wp\/v2\/media?parent=2363"}],"wp:term":[{"taxonomy":"category","embeddable":true,"href":"https:\/\/escale-amap.fr\/index.php\/wp-json\/wp\/v2\/categories?post=2363"},{"taxonomy":"post_tag","embeddable":true,"href":"https:\/\/escale-amap.fr\/index.php\/wp-json\/wp\/v2\/tags?post=2363"}],"curies":[{"name":"wp","href":"https:\/\/api.w.org\/{rel}","templated":true}]}}