{"id":2333,"date":"2022-10-05T15:26:15","date_gmt":"2022-10-05T14:26:15","guid":{"rendered":"http:\/\/escaleamap.free.fr\/?p=2333"},"modified":"2022-10-05T15:26:15","modified_gmt":"2022-10-05T14:26:15","slug":"visite-de-la-ferme-de-la-guillote","status":"publish","type":"post","link":"https:\/\/escale-amap.fr\/index.php\/vie-de-la-ferme\/visite-de-la-ferme-de-la-guillote\/","title":{"rendered":"Visite de la ferme de la Guillote"},"content":{"rendered":"\n<p style=\"text-align: justify;\">Dimanche 2 octobre, Christine et St\u00e9phane Astoul avait invit\u00e9 les AMAPs avec lesquels ils travaillent \u00e0 partager une journ\u00e9e dans leur exploitation.<\/p>\n<p style=\"text-align: justify;\">Nous avons visit\u00e9 les vergers et cueilli du raisin \u00e0 m\u00eame la vigne. Deux vari\u00e9t\u00e9s de raisins sans p\u00e9pins pour le plus grands bonheur des petits et grands enfants.<\/p>\n<p><img loading=\"lazy\" decoding=\"async\" class=\"size-full wp-image-2335 aligncenter\" src=\"https:\/\/escale-amap.fr\/wp-content\/uploads\/2022\/10\/DSC6531-1.jpg\" alt=\"\" width=\"300\" height=\"188\" \/><\/p>\n<p style=\"text-align: justify;\">Les enfants ont eu la chance de monter sur la gentille Olivette,\u00a0 l&rsquo;\u00e2nesse gardienne des moutons, puis nous avons partag\u00e9 un repas sous forme d&rsquo;auberge espagnole.\u00a0<\/p>\n<p style=\"text-align: justify;\">Nous avons appris plein de choses sur la taille des arbres fruitiers, et nous avons pu voir de tous jeunes n\u00e9fliers du Japon qui nous donnerons des fruits dans une petite quinzaine d&rsquo;ann\u00e9e.\u00a0<\/p>\n<p style=\"text-align: justify;\">Ce fut une magnifique journ\u00e9e ensoleill\u00e9e.\u00a0<\/p>\n","protected":false},"excerpt":{"rendered":"","protected":false},"author":1,"featured_media":0,"comment_status":"closed","ping_status":"closed","sticky":false,"template":"","format":"standard","meta":{"footnotes":""},"categories":[6],"tags":[],"class_list":["post-2333","post","type-post","status-publish","format-standard","hentry","category-vie-de-la-ferme"],"_links":{"self":[{"href":"https:\/\/escale-amap.fr\/index.php\/wp-json\/wp\/v2\/posts\/2333","targetHints":{"allow":["GET"]}}],"collection":[{"href":"https:\/\/escale-amap.fr\/index.php\/wp-json\/wp\/v2\/posts"}],"about":[{"href":"https:\/\/escale-amap.fr\/index.php\/wp-json\/wp\/v2\/types\/post"}],"author":[{"embeddable":true,"href":"https:\/\/escale-amap.fr\/index.php\/wp-json\/wp\/v2\/users\/1"}],"replies":[{"embeddable":true,"href":"https:\/\/escale-amap.fr\/index.php\/wp-json\/wp\/v2\/comments?post=2333"}],"version-history":[{"count":0,"href":"https:\/\/escale-amap.fr\/index.php\/wp-json\/wp\/v2\/posts\/2333\/revisions"}],"wp:attachment":[{"href":"https:\/\/escale-amap.fr\/index.php\/wp-json\/wp\/v2\/media?parent=2333"}],"wp:term":[{"taxonomy":"category","embeddable":true,"href":"https:\/\/escale-amap.fr\/index.php\/wp-json\/wp\/v2\/categories?post=2333"},{"taxonomy":"post_tag","embeddable":true,"href":"https:\/\/escale-amap.fr\/index.php\/wp-json\/wp\/v2\/tags?post=2333"}],"curies":[{"name":"wp","href":"https:\/\/api.w.org\/{rel}","templated":true}]}}