{"id":2298,"date":"2022-09-11T21:36:56","date_gmt":"2022-09-11T20:36:56","guid":{"rendered":"http:\/\/escaleamap.free.fr\/?p=2298"},"modified":"2022-09-11T21:36:56","modified_gmt":"2022-09-11T20:36:56","slug":"journee-a-la-ferme-le-2-octobre","status":"publish","type":"post","link":"https:\/\/escale-amap.fr\/index.php\/actualites\/journee-a-la-ferme-le-2-octobre\/","title":{"rendered":"Journ\u00e9e \u00e0 la ferme le 2 octobre"},"content":{"rendered":"\n<div>St\u00e9phane et Christine Astoul (nos producteurs de fruits) nous proposent encore une fois cette ann\u00e9e une journ\u00e9e \u00e0 la ferme, visite, balade, p\u00e9tanque, musique, farniente \u00e0 la campagne.<\/div>\n<div><img loading=\"lazy\" decoding=\"async\" class=\"alignnone size-medium wp-image-2297 aligncenter\" src=\"https:\/\/escale-amap.fr\/wp-content\/uploads\/2022\/09\/Guillotte-300x226.jpg\" alt=\"\" width=\"300\" height=\"226\" srcset=\"https:\/\/escale-amap.fr\/wp-content\/uploads\/2022\/09\/Guillotte-300x226.jpg 300w, https:\/\/escale-amap.fr\/wp-content\/uploads\/2022\/09\/Guillotte.jpg 359w\" sizes=\"auto, (max-width: 300px) 100vw, 300px\" \/><\/div>\n<div>\u00a0<\/div>\n<div>Le dimanche 2 octobre<\/div>\n<div>\u00a0<\/div>\n<div><strong>PROGRAMME<\/strong><\/div>\n<div>\u00a0<\/div>\n<div>\u00a0Arriv\u00e9e dans la matin\u00e9e \u00e0 partir de 10h00 visite du premier site<\/div>\n<div>\u00a0Repas auberge espagnole, chacun am\u00e8ne qq chose \u00e0 partager<\/div>\n<div>\u00a0Apr\u00e8s-midi sieste, p\u00e9tanque ou pour les plus courageux visite de la ferme au bord de l&rsquo;Aveyron.<\/div>\n<div>\u00a0On refait le monde, on apprend \u00e0 mieux se conna\u00eetre et on chante\u2026<\/div>\n<div>\u00a0<\/div>\n<div>Pour aller \u00e0 la ferme : \u00e0 partir de Lafran\u00e7aise (82), prendre la direction Montastruc, Saint-Maurice. A 2,5 km, dans le village de Saint-Maurice, suivre les panneaux \u201cferme de la Guillote\u201d.<\/div>\n<div>\u00a0<\/div>\n<div>Pour s&rsquo;inscrire : merci d&rsquo;envoyer un mail \u00e0\u00a0 r\u00e9pondre \u00e0\u00a0<a class=\"yiv6521405545moz-txt-link-abbreviated\" href=\"mailto:amap31.escalquens.escaleamap@gmail.com\" target=\"_blank\" rel=\"nofollow noopener noreferrer\" shape=\"rect\">amap31.escalquens.escaleamap@gmail.com<\/a>\u00a0en pr\u00e9cisant :<\/div>\n<div>&#8211; le nombre d&rsquo;adultes et d&rsquo;enfants pour la journ\u00e9e<\/div>\n<div>&#8211; le plat ou la boisson amen\u00e9 pour l&rsquo;auberge espagnole<\/div>\n<div>&#8211; le nombre d&rsquo;adultes et d&rsquo;enfants pour la soir\u00e9e.<\/div>\n<div>\u00a0<\/div>\n<div>Cette journ\u00e9e sera partag\u00e9e avec deux autres AMAP fournies par St\u00e9phane et Christine : la journ\u00e9e sera riche en rencontre et partage.<\/div>\n","protected":false},"excerpt":{"rendered":"","protected":false},"author":1,"featured_media":0,"comment_status":"closed","ping_status":"closed","sticky":false,"template":"","format":"standard","meta":{"footnotes":""},"categories":[3,6],"tags":[],"class_list":["post-2298","post","type-post","status-publish","format-standard","hentry","category-actualites","category-vie-de-la-ferme"],"_links":{"self":[{"href":"https:\/\/escale-amap.fr\/index.php\/wp-json\/wp\/v2\/posts\/2298","targetHints":{"allow":["GET"]}}],"collection":[{"href":"https:\/\/escale-amap.fr\/index.php\/wp-json\/wp\/v2\/posts"}],"about":[{"href":"https:\/\/escale-amap.fr\/index.php\/wp-json\/wp\/v2\/types\/post"}],"author":[{"embeddable":true,"href":"https:\/\/escale-amap.fr\/index.php\/wp-json\/wp\/v2\/users\/1"}],"replies":[{"embeddable":true,"href":"https:\/\/escale-amap.fr\/index.php\/wp-json\/wp\/v2\/comments?post=2298"}],"version-history":[{"count":0,"href":"https:\/\/escale-amap.fr\/index.php\/wp-json\/wp\/v2\/posts\/2298\/revisions"}],"wp:attachment":[{"href":"https:\/\/escale-amap.fr\/index.php\/wp-json\/wp\/v2\/media?parent=2298"}],"wp:term":[{"taxonomy":"category","embeddable":true,"href":"https:\/\/escale-amap.fr\/index.php\/wp-json\/wp\/v2\/categories?post=2298"},{"taxonomy":"post_tag","embeddable":true,"href":"https:\/\/escale-amap.fr\/index.php\/wp-json\/wp\/v2\/tags?post=2298"}],"curies":[{"name":"wp","href":"https:\/\/api.w.org\/{rel}","templated":true}]}}