{"id":2288,"date":"2022-08-29T19:51:30","date_gmt":"2022-08-29T18:51:30","guid":{"rendered":"http:\/\/escaleamap.free.fr\/?p=2288"},"modified":"2022-08-29T19:51:30","modified_gmt":"2022-08-29T18:51:30","slug":"venez-nous-rencontrer-au-forum-des-associations","status":"publish","type":"post","link":"https:\/\/escale-amap.fr\/index.php\/actualites\/venez-nous-rencontrer-au-forum-des-associations\/","title":{"rendered":"Venez nous rencontrer au forum des associations"},"content":{"rendered":"\n<p style=\"text-align: justify;\"><img loading=\"lazy\" decoding=\"async\" class=\"size-medium wp-image-2289 alignright\" src=\"https:\/\/escale-amap.fr\/wp-content\/uploads\/2022\/08\/Affiche-forum-211x300.jpg\" alt=\"\" width=\"211\" height=\"300\" srcset=\"https:\/\/escale-amap.fr\/wp-content\/uploads\/2022\/08\/Affiche-forum-211x300.jpg 211w, https:\/\/escale-amap.fr\/wp-content\/uploads\/2022\/08\/Affiche-forum-722x1024.jpg 722w, https:\/\/escale-amap.fr\/wp-content\/uploads\/2022\/08\/Affiche-forum-768x1090.jpg 768w, https:\/\/escale-amap.fr\/wp-content\/uploads\/2022\/08\/Affiche-forum.jpg 874w\" sizes=\"auto, (max-width: 211px) 100vw, 211px\" \/>Nous serons pr\u00e9sents le 10 septembre au forum des associations d&rsquo;Escalquens. Vous pourrez venir nous rencontrer et nous poser toutes vos questions sur l&rsquo;AMAP.<\/p>\n<p>Il reste des places dans de nombreuses sections.<\/p>\n<p style=\"text-align: justify;\">Plus de d\u00e9tail ici : <a href=\"https:\/\/www.escalquens.fr\/forum-des-associations-samedi-10-septembre-2022\/\">Forum des associations : samedi 10 septembre 2022 &#8211; Mairie d&rsquo;Escalquens<\/a><\/p>\n<p>N&rsquo;h\u00e9sitez plus si vous envisagez de sauter le pas et d&rsquo;adh\u00e9rer \u00e0 une AMAP ! Venez vous renseigner.<\/p>\n","protected":false},"excerpt":{"rendered":"","protected":false},"author":1,"featured_media":0,"comment_status":"closed","ping_status":"closed","sticky":false,"template":"","format":"standard","meta":{"footnotes":""},"categories":[3],"tags":[],"class_list":["post-2288","post","type-post","status-publish","format-standard","hentry","category-actualites"],"_links":{"self":[{"href":"https:\/\/escale-amap.fr\/index.php\/wp-json\/wp\/v2\/posts\/2288","targetHints":{"allow":["GET"]}}],"collection":[{"href":"https:\/\/escale-amap.fr\/index.php\/wp-json\/wp\/v2\/posts"}],"about":[{"href":"https:\/\/escale-amap.fr\/index.php\/wp-json\/wp\/v2\/types\/post"}],"author":[{"embeddable":true,"href":"https:\/\/escale-amap.fr\/index.php\/wp-json\/wp\/v2\/users\/1"}],"replies":[{"embeddable":true,"href":"https:\/\/escale-amap.fr\/index.php\/wp-json\/wp\/v2\/comments?post=2288"}],"version-history":[{"count":0,"href":"https:\/\/escale-amap.fr\/index.php\/wp-json\/wp\/v2\/posts\/2288\/revisions"}],"wp:attachment":[{"href":"https:\/\/escale-amap.fr\/index.php\/wp-json\/wp\/v2\/media?parent=2288"}],"wp:term":[{"taxonomy":"category","embeddable":true,"href":"https:\/\/escale-amap.fr\/index.php\/wp-json\/wp\/v2\/categories?post=2288"},{"taxonomy":"post_tag","embeddable":true,"href":"https:\/\/escale-amap.fr\/index.php\/wp-json\/wp\/v2\/tags?post=2288"}],"curies":[{"name":"wp","href":"https:\/\/api.w.org\/{rel}","templated":true}]}}