{"id":2277,"date":"2022-07-04T20:14:10","date_gmt":"2022-07-04T19:14:10","guid":{"rendered":"http:\/\/escaleamap.free.fr\/?p=2277"},"modified":"2022-07-04T20:14:10","modified_gmt":"2022-07-04T19:14:10","slug":"assemblee-generale-le-6-septembre-2022","status":"publish","type":"post","link":"https:\/\/escale-amap.fr\/index.php\/actualites\/assemblee-generale-le-6-septembre-2022\/","title":{"rendered":"Assembl\u00e9e g\u00e9n\u00e9rale le 6 septembre 2022"},"content":{"rendered":"\n<p>Vous \u00eates tous cordialement invit\u00e9s \u00e0 l&rsquo;assembl\u00e9e g\u00e9n\u00e9rale de l&rsquo;association Escale AMAP, le 6 septembre \u00e0 20h00 apr\u00e8s la distribution dans notre local.<img loading=\"lazy\" decoding=\"async\" class=\"size-medium wp-image-2279 alignright\" src=\"https:\/\/escale-amap.fr\/wp-content\/uploads\/2022\/07\/COPIL-distri-velo-2016-282x300.jpg\" alt=\"\" width=\"282\" height=\"300\" srcset=\"https:\/\/escale-amap.fr\/wp-content\/uploads\/2022\/07\/COPIL-distri-velo-2016-282x300.jpg 282w, https:\/\/escale-amap.fr\/wp-content\/uploads\/2022\/07\/COPIL-distri-velo-2016-964x1024.jpg 964w, https:\/\/escale-amap.fr\/wp-content\/uploads\/2022\/07\/COPIL-distri-velo-2016-768x816.jpg 768w, https:\/\/escale-amap.fr\/wp-content\/uploads\/2022\/07\/COPIL-distri-velo-2016-1446x1536.jpg 1446w, https:\/\/escale-amap.fr\/wp-content\/uploads\/2022\/07\/COPIL-distri-velo-2016-1928x2048.jpg 1928w\" sizes=\"auto, (max-width: 282px) 100vw, 282px\" \/><\/p>\n<p>C&rsquo;est une bonne occasion de prendre des nouvelles des producteurs.<\/p>\n<p>L&rsquo;ordre du jour sera le suivant :\u00a0<\/p>\n<ol>\n<li>Bilan de chaque section avec les faits marquants de l&rsquo;ann\u00e9e.<\/li>\n<li>Le rapport financier<\/li>\n<li>L&rsquo;\u00e9lection du bureau<\/li>\n<\/ol>\n<p>Nous terminerons pas une auberge espagnole.<\/p>\n<p>Si vous ne pouvez \u00eatre l\u00e0, n&rsquo;h\u00e9sitez pas \u00e0 remplir le pouvoir suivant : <a href=\"https:\/\/escale-amap.fr\/wp-content\/uploads\/2022\/07\/pouvoir-AG-escaleamap.doc\">pouvoir AG escaleamap<\/a><\/p>\n","protected":false},"excerpt":{"rendered":"","protected":false},"author":1,"featured_media":0,"comment_status":"closed","ping_status":"closed","sticky":false,"template":"","format":"standard","meta":{"footnotes":""},"categories":[3,5],"tags":[],"class_list":["post-2277","post","type-post","status-publish","format-standard","hentry","category-actualites","category-vie-de-lamap"],"_links":{"self":[{"href":"https:\/\/escale-amap.fr\/index.php\/wp-json\/wp\/v2\/posts\/2277","targetHints":{"allow":["GET"]}}],"collection":[{"href":"https:\/\/escale-amap.fr\/index.php\/wp-json\/wp\/v2\/posts"}],"about":[{"href":"https:\/\/escale-amap.fr\/index.php\/wp-json\/wp\/v2\/types\/post"}],"author":[{"embeddable":true,"href":"https:\/\/escale-amap.fr\/index.php\/wp-json\/wp\/v2\/users\/1"}],"replies":[{"embeddable":true,"href":"https:\/\/escale-amap.fr\/index.php\/wp-json\/wp\/v2\/comments?post=2277"}],"version-history":[{"count":0,"href":"https:\/\/escale-amap.fr\/index.php\/wp-json\/wp\/v2\/posts\/2277\/revisions"}],"wp:attachment":[{"href":"https:\/\/escale-amap.fr\/index.php\/wp-json\/wp\/v2\/media?parent=2277"}],"wp:term":[{"taxonomy":"category","embeddable":true,"href":"https:\/\/escale-amap.fr\/index.php\/wp-json\/wp\/v2\/categories?post=2277"},{"taxonomy":"post_tag","embeddable":true,"href":"https:\/\/escale-amap.fr\/index.php\/wp-json\/wp\/v2\/tags?post=2277"}],"curies":[{"name":"wp","href":"https:\/\/api.w.org\/{rel}","templated":true}]}}