{"id":2108,"date":"2021-07-10T20:06:12","date_gmt":"2021-07-10T19:06:12","guid":{"rendered":"http:\/\/escaleamap.free.fr\/?p=2108"},"modified":"2021-07-10T20:06:12","modified_gmt":"2021-07-10T19:06:12","slug":"une-journee-a-la-ferme-de-la-guillotte-ressourcant-pour-les-petits-et-les-grands","status":"publish","type":"post","link":"https:\/\/escale-amap.fr\/index.php\/vie-de-la-ferme\/une-journee-a-la-ferme-de-la-guillotte-ressourcant-pour-les-petits-et-les-grands\/","title":{"rendered":"Une journ\u00e9e \u00e0 la ferme de la Guillotte : ressour\u00e7ant pour les petits et les grands!"},"content":{"rendered":"\n<p><span style=\"font-family: monospace;\">Tout \u00e0 commenc\u00e9 en fin de matin\u00e9e, tout le monde n&rsquo;\u00e9tait pas encore arriv\u00e9 mais cela nous a laiss\u00e9 le temps de reprendre les voitures pour aller voir les champs de la plaine : ceux qui ont \u00e9t\u00e9 le plus touch\u00e9s par le gel&#8230;<\/span><\/p>\n<p><img loading=\"lazy\" decoding=\"async\" class=\"aligncenter\" src=\"https:\/\/escale-amap.fr\/wp-content\/uploads\/2021\/07\/VisiteVerger2021-1-scaled-1.jpg\" width=\"425\" height=\"319\" \/><\/p>\n<p><span style=\"font-family: monospace;\">Entre temps tout le monde est arriv\u00e9 et les derniers sont m\u00eame arriv\u00e9s en tracteur avec Christine qui \u00e9tait en train de ramasser les abricots que nous avons pu d\u00e9guster mardi.<br \/>St\u00e9phane et Christine nous ont accueillis sur leur terrasse ombrag\u00e9e afin de partager les plats confectionn\u00e9s par chacun.<br \/>A la suite du repas, une petite marche digestive s&rsquo;imposait : de quoi faire le tour des vergers autour de la ferme (vigne, prunes, kakis&#8230;), au d\u00e9tour d&rsquo;un champ, nous avons pu faire un petit coucou \u00e0 Olivette l\u2019\u00e2ne et aux brebis.<br \/>Le temps pour certains de repartir, mais c&rsquo;est sans compter l&rsquo;arriv\u00e9e de Patrick et sa trompette avec qui St\u00e9phane a pu se lancer dans une joute musicale pour le reste de la soir\u00e9e. La journ\u00e9e s&rsquo;est termin\u00e9e par un magnifique spectacle : l&rsquo;orage au loin qui l\u00e9zardait le ciel.<br \/><br \/>Une journ\u00e9e instructive et reposante pour les parents, synonyme de libert\u00e9 et de grand air pour les enfants.<br \/>Bref une journ\u00e9e \u00e0 renouveler !<br \/><br \/>Sign\u00e9 : les familles qui ont particip\u00e9<\/span><\/p>\n<p><img loading=\"lazy\" decoding=\"async\" class=\"size-medium wp-image-2121 aligncenter\" src=\"http:\/\/escaleamap.free.fr\/wp-content\/uploads\/Verger2021-300x225.jpg\" alt=\"\" width=\"300\" height=\"225\" \/><\/p>\n","protected":false},"excerpt":{"rendered":"","protected":false},"author":1,"featured_media":0,"comment_status":"closed","ping_status":"closed","sticky":false,"template":"","format":"standard","meta":{"footnotes":""},"categories":[6],"tags":[],"class_list":["post-2108","post","type-post","status-publish","format-standard","hentry","category-vie-de-la-ferme"],"_links":{"self":[{"href":"https:\/\/escale-amap.fr\/index.php\/wp-json\/wp\/v2\/posts\/2108","targetHints":{"allow":["GET"]}}],"collection":[{"href":"https:\/\/escale-amap.fr\/index.php\/wp-json\/wp\/v2\/posts"}],"about":[{"href":"https:\/\/escale-amap.fr\/index.php\/wp-json\/wp\/v2\/types\/post"}],"author":[{"embeddable":true,"href":"https:\/\/escale-amap.fr\/index.php\/wp-json\/wp\/v2\/users\/1"}],"replies":[{"embeddable":true,"href":"https:\/\/escale-amap.fr\/index.php\/wp-json\/wp\/v2\/comments?post=2108"}],"version-history":[{"count":0,"href":"https:\/\/escale-amap.fr\/index.php\/wp-json\/wp\/v2\/posts\/2108\/revisions"}],"wp:attachment":[{"href":"https:\/\/escale-amap.fr\/index.php\/wp-json\/wp\/v2\/media?parent=2108"}],"wp:term":[{"taxonomy":"category","embeddable":true,"href":"https:\/\/escale-amap.fr\/index.php\/wp-json\/wp\/v2\/categories?post=2108"},{"taxonomy":"post_tag","embeddable":true,"href":"https:\/\/escale-amap.fr\/index.php\/wp-json\/wp\/v2\/tags?post=2108"}],"curies":[{"name":"wp","href":"https:\/\/api.w.org\/{rel}","templated":true}]}}