{"id":1974,"date":"2020-08-31T20:23:10","date_gmt":"2020-08-31T19:23:10","guid":{"rendered":"http:\/\/escaleamap.free.fr\/?p=1974"},"modified":"2020-08-31T20:23:10","modified_gmt":"2020-08-31T19:23:10","slug":"atelier-ramassage-des-pommes-de-terre-2020","status":"publish","type":"post","link":"https:\/\/escale-amap.fr\/index.php\/actualites\/atelier-ramassage-des-pommes-de-terre-2020\/","title":{"rendered":"Atelier ramassage des pommes de terre 2020"},"content":{"rendered":"\n<div><img loading=\"lazy\" decoding=\"async\" class=\"wp-image-1975 aligncenter\" src=\"http:\/\/escaleamap.free.fr\/wp-content\/uploads\/20200829_100717-300x138.jpg\" alt=\"\" width=\"363\" height=\"167\" \/> <img loading=\"lazy\" decoding=\"async\" class=\"wp-image-1976 alignright\" src=\"http:\/\/escaleamap.free.fr\/wp-content\/uploads\/machine-\u00e0-trier-patates-225x300.jpg\" alt=\"\" width=\"164\" height=\"219\" \/><\/div>\n<div><img loading=\"lazy\" decoding=\"async\" class=\"size-medium wp-image-1977 alignnone\" src=\"https:\/\/escale-amap.fr\/wp-content\/uploads\/2020\/08\/Olivier-sur-son-destrier-300x225.jpg\" alt=\"\" width=\"300\" height=\"225\" srcset=\"https:\/\/escale-amap.fr\/wp-content\/uploads\/2020\/08\/Olivier-sur-son-destrier-300x225.jpg 300w, https:\/\/escale-amap.fr\/wp-content\/uploads\/2020\/08\/Olivier-sur-son-destrier-1024x768.jpg 1024w, https:\/\/escale-amap.fr\/wp-content\/uploads\/2020\/08\/Olivier-sur-son-destrier-768x576.jpg 768w, https:\/\/escale-amap.fr\/wp-content\/uploads\/2020\/08\/Olivier-sur-son-destrier.jpg 1156w\" sizes=\"auto, (max-width: 300px) 100vw, 300px\" \/><\/div>\n<p>\u00a0<\/p>\n<p>Le ramassage des pommes de terre 2020 s&rsquo;est encore une fois d\u00e9roul\u00e9 de mani\u00e8re bien sympathique.\u00a0<\/p>\n<p>Pause de midi avec ap\u00e9ro de rigueur pour donner du courage aux troupes, car nous pensions pouvoir finir dans la journ\u00e9e pour profiter du temps couvert qui nous \u00e9vite d&rsquo;avoir trop chaud en cette fin ao\u00fbt.<\/p>\n<p>Olivier \u00e9tait aux commandes du tracteur outill\u00e9 de son extracteur de patates. Son p\u00e8re assurait la logistique des caisses vides et pleines.<\/p>\n<p>Ils nous ont donn\u00e9 une le\u00e7on de savoir faire dans le ramassage, ce qui nous a permis de terminer avant les grosses pluies.\u00a0<\/p>\n<p>Pour ce qui est des courbatures, nous verrons dans quelques jours \ud83d\ude42<\/p>\n<p>\u00a0<\/p>\n","protected":false},"excerpt":{"rendered":"","protected":false},"author":1,"featured_media":0,"comment_status":"closed","ping_status":"closed","sticky":false,"template":"","format":"standard","meta":{"footnotes":""},"categories":[3,6],"tags":[],"class_list":["post-1974","post","type-post","status-publish","format-standard","hentry","category-actualites","category-vie-de-la-ferme"],"_links":{"self":[{"href":"https:\/\/escale-amap.fr\/index.php\/wp-json\/wp\/v2\/posts\/1974","targetHints":{"allow":["GET"]}}],"collection":[{"href":"https:\/\/escale-amap.fr\/index.php\/wp-json\/wp\/v2\/posts"}],"about":[{"href":"https:\/\/escale-amap.fr\/index.php\/wp-json\/wp\/v2\/types\/post"}],"author":[{"embeddable":true,"href":"https:\/\/escale-amap.fr\/index.php\/wp-json\/wp\/v2\/users\/1"}],"replies":[{"embeddable":true,"href":"https:\/\/escale-amap.fr\/index.php\/wp-json\/wp\/v2\/comments?post=1974"}],"version-history":[{"count":0,"href":"https:\/\/escale-amap.fr\/index.php\/wp-json\/wp\/v2\/posts\/1974\/revisions"}],"wp:attachment":[{"href":"https:\/\/escale-amap.fr\/index.php\/wp-json\/wp\/v2\/media?parent=1974"}],"wp:term":[{"taxonomy":"category","embeddable":true,"href":"https:\/\/escale-amap.fr\/index.php\/wp-json\/wp\/v2\/categories?post=1974"},{"taxonomy":"post_tag","embeddable":true,"href":"https:\/\/escale-amap.fr\/index.php\/wp-json\/wp\/v2\/tags?post=1974"}],"curies":[{"name":"wp","href":"https:\/\/api.w.org\/{rel}","templated":true}]}}