{"id":1864,"date":"2019-09-07T06:33:27","date_gmt":"2019-09-07T05:33:27","guid":{"rendered":"http:\/\/escaleamap.free.fr\/?p=1864"},"modified":"2019-09-07T06:33:27","modified_gmt":"2019-09-07T05:33:27","slug":"la-rentree-a-lamap-cest-journee-des-associations-et-journee-porte-ouverte","status":"publish","type":"post","link":"https:\/\/escale-amap.fr\/index.php\/non-classe\/la-rentree-a-lamap-cest-journee-des-associations-et-journee-porte-ouverte\/","title":{"rendered":"La rentr\u00e9e \u00e0 l&rsquo;AMAP: c&rsquo;est journ\u00e9e des associations et journ\u00e9e porte ouverte"},"content":{"rendered":"<p><strong>Le 07\/09\/2019 journ\u00e9e des associations \u00e0 Escalquens : <\/strong>EscaleAMAP sera pr\u00e9sent \u00e0 la journ\u00e9e des associations ce samedi 7 Septembre. C\u2019est donc l\u2019occasion de venir nous rencontrer, \u00e9changer sur le fonctionnement d\u2019une AMAP et pourquoi pas adh\u00e9rer \u00e0 une section.Cliquez sur le plan ci apr\u00e8s pour savoir o\u00f9 nous retrouver <a href=\"http:\/\/escaleamap.free.fr\/wp-content\/uploads\/Plan_gymnase_JPO-essaie-2.pdf\">Plan_gymnase_JPO-essaie-2<\/a><\/p>\n<p>&nbsp;<\/p>\n<p><img loading=\"lazy\" decoding=\"async\" class=\"alignnone wp-image-1870\" src=\"http:\/\/escaleamap.free.fr\/wp-content\/uploads\/portes-ouvertes-3.jpg\" alt=\"\" width=\"176\" height=\"120\" \/><\/p>\n<p><strong>Le 17\/09\/2019 journ\u00e9e porte ouverte<\/strong> dans notre local au 15 Avenue de la Mairie, 31750 Escalquens \u00e0 partir de 19h: Une chance merveilleuse de rencontrer les producteurs, voir le fonctionnement de l&rsquo;AMAP et grignoter un morceau tous ensemble. Les adh\u00e9rents sont invit\u00e9s \u00e0 pr\u00e9parer leurs mets favoris dans l&rsquo;optique d&rsquo;une auberge espagnole. C&rsquo;est journ\u00e9e porte ouverte donc parlez en autour de vous. C&rsquo;est le moment de faire venir le coll\u00e8gue r\u00e9fractaire qui mange des tomates pour No\u00ebl&#8230; avec un verre dans le nez il n&rsquo;est pas \u00e0 l&rsquo;abri d&rsquo;adh\u00e9rer \u00e0 1 ou 2 sections.<\/p>\n","protected":false},"excerpt":{"rendered":"<p>Le 07\/09\/2019 journ\u00e9e des associations \u00e0 Escalquens : EscaleAMAP sera pr\u00e9sent \u00e0 la journ\u00e9e des associations ce samedi 7 Septembre. C\u2019est donc l\u2019occasion de venir nous rencontrer, \u00e9changer sur le fonctionnement d\u2019une AMAP et pourquoi pas adh\u00e9rer \u00e0 une section.Cliquez &hellip; <a href=\"https:\/\/escale-amap.fr\/index.php\/non-classe\/la-rentree-a-lamap-cest-journee-des-associations-et-journee-porte-ouverte\/\">Continuer la lecture <span class=\"meta-nav\">&rarr;<\/span><\/a><\/p>\n","protected":false},"author":1,"featured_media":0,"comment_status":"open","ping_status":"open","sticky":false,"template":"","format":"standard","meta":{"footnotes":""},"categories":[1],"tags":[],"class_list":["post-1864","post","type-post","status-publish","format-standard","hentry","category-non-classe"],"_links":{"self":[{"href":"https:\/\/escale-amap.fr\/index.php\/wp-json\/wp\/v2\/posts\/1864","targetHints":{"allow":["GET"]}}],"collection":[{"href":"https:\/\/escale-amap.fr\/index.php\/wp-json\/wp\/v2\/posts"}],"about":[{"href":"https:\/\/escale-amap.fr\/index.php\/wp-json\/wp\/v2\/types\/post"}],"author":[{"embeddable":true,"href":"https:\/\/escale-amap.fr\/index.php\/wp-json\/wp\/v2\/users\/1"}],"replies":[{"embeddable":true,"href":"https:\/\/escale-amap.fr\/index.php\/wp-json\/wp\/v2\/comments?post=1864"}],"version-history":[{"count":0,"href":"https:\/\/escale-amap.fr\/index.php\/wp-json\/wp\/v2\/posts\/1864\/revisions"}],"wp:attachment":[{"href":"https:\/\/escale-amap.fr\/index.php\/wp-json\/wp\/v2\/media?parent=1864"}],"wp:term":[{"taxonomy":"category","embeddable":true,"href":"https:\/\/escale-amap.fr\/index.php\/wp-json\/wp\/v2\/categories?post=1864"},{"taxonomy":"post_tag","embeddable":true,"href":"https:\/\/escale-amap.fr\/index.php\/wp-json\/wp\/v2\/tags?post=1864"}],"curies":[{"name":"wp","href":"https:\/\/api.w.org\/{rel}","templated":true}]}}