{"id":1744,"date":"2018-09-05T22:19:04","date_gmt":"2018-09-05T21:19:04","guid":{"rendered":"http:\/\/escaleamap.free.fr\/?p=1744"},"modified":"2018-09-05T22:19:04","modified_gmt":"2018-09-05T21:19:04","slug":"cest-la-rentree-journee-des-asso-et-visite-chez-olivier-au-planning","status":"publish","type":"post","link":"https:\/\/escale-amap.fr\/index.php\/non-classe\/cest-la-rentree-journee-des-asso-et-visite-chez-olivier-au-planning\/","title":{"rendered":"C\u2019est la rentr\u00e9e\u2026 journ\u00e9e des asso et visite chez Olivier au planning"},"content":{"rendered":"<p>Quoi le dernier article du blog date de d\u00e9but Juin\u00a0! Mais qui g\u00e8re ce blog\u00a0?<\/p>\n<p>Vite essayons de rattraper le temps perdu\u00a0:<\/p>\n<p><strong>La Journ\u00e9e des associations d\u2019Escalquens le 8 Septembre :<\/strong> EscaleAMAP sera pr\u00e9sent \u00e0 la journ\u00e9e des associations ce samedi 8 Septembre. C\u2019est donc l\u2019occasion de venir nous rencontrer, \u00e9changer sur le fonctionnement d\u2019une AMAP et pourquoi pas adh\u00e9rer \u00e0 une section. Bon si vous lisez le blog c\u2019est que vous nous connaissez d\u00e9j\u00e0\u2026 alors dite \u00e0 vos coll\u00e8gues, votre belle-s\u0153ur ou qui vous voulez de passer nous voir.<\/p>\n<p><strong>Visite de la ferme d\u2019Olivier le 9 Septembre :<\/strong> Voici le programme officiel<\/p>\n<p>&#8211; arriv\u00e9e \u00e0 partir de 9h avec un d\u00e9part de visite de la ferme en fin de matin\u00e9e d&rsquo;une dur\u00e9e d&rsquo;une heure environ.<\/p>\n<p>&#8211; atelier p\u00e9dagogique \u00ab\u00a0ramassage de patates\u00a0\u00bb\u00a0: Olivier nous fera b\u00e9n\u00e9ficier de sa nouvelle machine de r\u00e9colte et nous expliquera comment cela se passe.<\/p>\n<p>&#8211; repas ensemble sous forme d\u2019auberge espagnole\u00a0: apportez votre viande \u00e0 griller (il y a une plancha sur place), apportez vos plats sal\u00e9s, sucr\u00e9s, boissons alcoolis\u00e9es ou pas, etc pour cet ap\u00e9ro-repas champ\u00eatre<\/p>\n<p>&#8211; apr\u00e8s-midi\u00a0: apportez vos jeux de soci\u00e9t\u00e9, \u00a0de plein air, d\u00e9tente, musique pour ceux qui savent jouer, vos affaires de guinguette si cela continue le soir\u00a0J<\/p>\n<p><strong>PS\u00a0: prenez des tabourets si vous en avez<\/strong><\/p>\n<p>Ah oui, important\u00a0: l\u2019adresse d\u2019Olivier\u00a0: <a href=\"https:\/\/maps.google.com\/?q=515,+chemin+d'en+Dax++31380+Gragnague&amp;entry=gmail&amp;source=g\">515, chemin d&rsquo;en Dax <\/a>\u2013 <a href=\"https:\/\/maps.google.com\/?q=515,+chemin+d'en+Dax++31380+Gragnague&amp;entry=gmail&amp;source=g\">31380 Gragnague<\/a> &#8211; <strong>06.72.15.11.49<\/strong><\/p>\n<p><img loading=\"lazy\" decoding=\"async\" class=\"alignnone size-full wp-image-1746\" src=\"http:\/\/escaleamap.free.fr\/wp-content\/uploads\/Septembre.jpg\" alt=\"\" width=\"1795\" height=\"1217\" \/><\/p>\n","protected":false},"excerpt":{"rendered":"<p>Quoi le dernier article du blog date de d\u00e9but Juin\u00a0! Mais qui g\u00e8re ce blog\u00a0? Vite essayons de rattraper le temps perdu\u00a0: La Journ\u00e9e des associations d\u2019Escalquens le 8 Septembre : EscaleAMAP sera pr\u00e9sent \u00e0 la journ\u00e9e des associations ce &hellip; <a href=\"https:\/\/escale-amap.fr\/index.php\/non-classe\/cest-la-rentree-journee-des-asso-et-visite-chez-olivier-au-planning\/\">Continuer la lecture <span class=\"meta-nav\">&rarr;<\/span><\/a><\/p>\n","protected":false},"author":1,"featured_media":0,"comment_status":"open","ping_status":"open","sticky":false,"template":"","format":"standard","meta":{"footnotes":""},"categories":[1],"tags":[],"class_list":["post-1744","post","type-post","status-publish","format-standard","hentry","category-non-classe"],"_links":{"self":[{"href":"https:\/\/escale-amap.fr\/index.php\/wp-json\/wp\/v2\/posts\/1744","targetHints":{"allow":["GET"]}}],"collection":[{"href":"https:\/\/escale-amap.fr\/index.php\/wp-json\/wp\/v2\/posts"}],"about":[{"href":"https:\/\/escale-amap.fr\/index.php\/wp-json\/wp\/v2\/types\/post"}],"author":[{"embeddable":true,"href":"https:\/\/escale-amap.fr\/index.php\/wp-json\/wp\/v2\/users\/1"}],"replies":[{"embeddable":true,"href":"https:\/\/escale-amap.fr\/index.php\/wp-json\/wp\/v2\/comments?post=1744"}],"version-history":[{"count":0,"href":"https:\/\/escale-amap.fr\/index.php\/wp-json\/wp\/v2\/posts\/1744\/revisions"}],"wp:attachment":[{"href":"https:\/\/escale-amap.fr\/index.php\/wp-json\/wp\/v2\/media?parent=1744"}],"wp:term":[{"taxonomy":"category","embeddable":true,"href":"https:\/\/escale-amap.fr\/index.php\/wp-json\/wp\/v2\/categories?post=1744"},{"taxonomy":"post_tag","embeddable":true,"href":"https:\/\/escale-amap.fr\/index.php\/wp-json\/wp\/v2\/tags?post=1744"}],"curies":[{"name":"wp","href":"https:\/\/api.w.org\/{rel}","templated":true}]}}