{"id":1696,"date":"2018-04-18T21:31:16","date_gmt":"2018-04-18T20:31:16","guid":{"rendered":"http:\/\/escaleamap.free.fr\/?p=1696"},"modified":"2018-04-18T21:31:16","modified_gmt":"2018-04-18T20:31:16","slug":"ag-2018-et-bouleversement-de-calendrier","status":"publish","type":"post","link":"https:\/\/escale-amap.fr\/index.php\/non-classe\/ag-2018-et-bouleversement-de-calendrier\/","title":{"rendered":"AG 2018 et bouleversement de calendrier"},"content":{"rendered":"<p>Attention , le 1er et le 8 Mai il n&rsquo;y aura pas de distributions.<\/p>\n<p>Le 4 Mai, l&rsquo;<strong>Assembl\u00e9e g\u00e9n\u00e9rale d&rsquo;EscaleAMAP <\/strong>se tiendra au local de distribution habituel, 13 Avenue de la mairie \u00e0 Escalquens. Le local n&rsquo;\u00e9tant pas pourvu d&rsquo;assez de chaises, pensez \u00e0 amener de quoi vous installer confortablement.<\/p>\n<p>A l&rsquo;ordre du jour, diverses informations pour vous tenir au courant de la sant\u00e9 de l&rsquo;assoce, des projets de l&rsquo;asso et de nos producteurs, des bilans (moral et financier) et nous proc\u00e9derons ensuite \u00e0 l&rsquo;\u00e9lection du bureau ! Venez apporter vos questions \/ id\u00e9es \/ contributions.<\/p>\n<p><a href=\"http:\/\/escaleamap.free.fr\/wp-content\/uploads\/procuration-AG-Escale-Amap-mai-201855349.doc\">Si vous ne pouvez pas \u00eatre pr\u00e9sents, cliquez sur la ligne pour avoir une procuration (un vote par famille adh\u00e9rente).<\/a><\/p>\n<p>Comme \u00e0 l&rsquo;accoutum\u00e9e, la soir\u00e9e se prolongera par une auberge espagnole (avec grillades et boissons) o\u00f9 chacun pourra apporter une petite contribution. \u00a0Profitons-en, c&rsquo;est vendredi !<\/p>\n<p>Les enfants et les amis sont bienvenus, fa\u00eetes d\u00e9couvrir l&rsquo;AMAP !<\/p>\n<p><img loading=\"lazy\" decoding=\"async\" class=\"alignnone size-medium wp-image-1699\" src=\"http:\/\/escaleamap.free.fr\/wp-content\/uploads\/dessin-300x273.jpg\" alt=\"\" width=\"300\" height=\"273\" \/><\/p>\n","protected":false},"excerpt":{"rendered":"<p>Attention , le 1er et le 8 Mai il n&rsquo;y aura pas de distributions. Le 4 Mai, l&rsquo;Assembl\u00e9e g\u00e9n\u00e9rale d&rsquo;EscaleAMAP se tiendra au local de distribution habituel, 13 Avenue de la mairie \u00e0 Escalquens. Le local n&rsquo;\u00e9tant pas pourvu d&rsquo;assez &hellip; <a href=\"https:\/\/escale-amap.fr\/index.php\/non-classe\/ag-2018-et-bouleversement-de-calendrier\/\">Continuer la lecture <span class=\"meta-nav\">&rarr;<\/span><\/a><\/p>\n","protected":false},"author":1,"featured_media":0,"comment_status":"open","ping_status":"open","sticky":false,"template":"","format":"standard","meta":{"footnotes":""},"categories":[1],"tags":[],"class_list":["post-1696","post","type-post","status-publish","format-standard","hentry","category-non-classe"],"_links":{"self":[{"href":"https:\/\/escale-amap.fr\/index.php\/wp-json\/wp\/v2\/posts\/1696","targetHints":{"allow":["GET"]}}],"collection":[{"href":"https:\/\/escale-amap.fr\/index.php\/wp-json\/wp\/v2\/posts"}],"about":[{"href":"https:\/\/escale-amap.fr\/index.php\/wp-json\/wp\/v2\/types\/post"}],"author":[{"embeddable":true,"href":"https:\/\/escale-amap.fr\/index.php\/wp-json\/wp\/v2\/users\/1"}],"replies":[{"embeddable":true,"href":"https:\/\/escale-amap.fr\/index.php\/wp-json\/wp\/v2\/comments?post=1696"}],"version-history":[{"count":0,"href":"https:\/\/escale-amap.fr\/index.php\/wp-json\/wp\/v2\/posts\/1696\/revisions"}],"wp:attachment":[{"href":"https:\/\/escale-amap.fr\/index.php\/wp-json\/wp\/v2\/media?parent=1696"}],"wp:term":[{"taxonomy":"category","embeddable":true,"href":"https:\/\/escale-amap.fr\/index.php\/wp-json\/wp\/v2\/categories?post=1696"},{"taxonomy":"post_tag","embeddable":true,"href":"https:\/\/escale-amap.fr\/index.php\/wp-json\/wp\/v2\/tags?post=1696"}],"curies":[{"name":"wp","href":"https:\/\/api.w.org\/{rel}","templated":true}]}}