{"id":1577,"date":"2017-11-11T18:17:38","date_gmt":"2017-11-11T17:17:38","guid":{"rendered":"http:\/\/escaleamap.free.fr\/?p=1577"},"modified":"2017-11-11T18:17:38","modified_gmt":"2017-11-11T17:17:38","slug":"oyez-oyez-amapiens-rencontre-inter-amap-le-1911-a-balma","status":"publish","type":"post","link":"https:\/\/escale-amap.fr\/index.php\/non-classe\/oyez-oyez-amapiens-rencontre-inter-amap-le-1911-a-balma\/","title":{"rendered":"Oyez, Oyez, Amapiens. Rencontre Inter-AMAP le 19\/11 \u00e0 Balma"},"content":{"rendered":"<p>RENCONTRE INTER-AMAP \u00e0 BALMA DIMANCHE 19 NOVEMBRE \u00e0 14h30<\/p>\n<p>Qu\u2019on se le dise ! le R\u00e9seau des AMAP organise une r\u00e9union Inter AMAP le 19 novembre \u00e0 Balma . Vous \u00eates chaleureusement convi\u00e9s \u00e0 venir suivre et m\u00eame contribuer aux nombreux \u00e9changes en perspective (Mangeurs et Paysans).<\/p>\n<p>En plus des \u00ab trucs et astuces des AMAP \u00bb qui ne manqueront pas d\u2019\u00eatre \u00e9voqu\u00e9s, le th\u00e8me portera sur la notion de \u00ab bio \u00bb, qu\u2019entend-on par bio, quelle place, quel sens donner \u00e0 l&rsquo;AMAP par rapport au bio industriel par exemple ?&#8230;<\/p>\n<p><span style=\"font-size: 10pt;\">Lieu : Salle du centre Le Calvel &#8211; 63 avenue St Martin de Boville &#8211; 31130 BALMA ( C&rsquo;est \u00e0 moins de 2 km de la rocade). <\/span><\/p>\n<p><span style=\"font-size: 10pt;\"> A la sortie n\u00b017 \u00ab\u00a0Lasbordes\u00a0\u00bb, prenez direction Castres et tournez de suite au 1er rd point \u00e0 gauche. A 500 m vous avez un autre rond-point, prenez la 2\u00e8me sortie \u00ab\u00a0avenue Charles de Gaulle\u00a0\u00bb. Vous tombez sur l&rsquo;avenue St Martin de Boville, au bout \u00e0 gauche. En haut de l&rsquo;avenue, garez-vous sur le parking du cimeti\u00e8re sur la gauche. On acc\u00e8de \u00e0 la salle par ce parking,<\/span><\/p>\n","protected":false},"excerpt":{"rendered":"<p>RENCONTRE INTER-AMAP \u00e0 BALMA DIMANCHE 19 NOVEMBRE \u00e0 14h30 Qu\u2019on se le dise ! le R\u00e9seau des AMAP organise une r\u00e9union Inter AMAP le 19 novembre \u00e0 Balma . Vous \u00eates chaleureusement convi\u00e9s \u00e0 venir suivre et m\u00eame contribuer aux &hellip; <a href=\"https:\/\/escale-amap.fr\/index.php\/non-classe\/oyez-oyez-amapiens-rencontre-inter-amap-le-1911-a-balma\/\">Continuer la lecture <span class=\"meta-nav\">&rarr;<\/span><\/a><\/p>\n","protected":false},"author":1,"featured_media":0,"comment_status":"open","ping_status":"open","sticky":false,"template":"","format":"standard","meta":{"footnotes":""},"categories":[1],"tags":[],"class_list":["post-1577","post","type-post","status-publish","format-standard","hentry","category-non-classe"],"_links":{"self":[{"href":"https:\/\/escale-amap.fr\/index.php\/wp-json\/wp\/v2\/posts\/1577","targetHints":{"allow":["GET"]}}],"collection":[{"href":"https:\/\/escale-amap.fr\/index.php\/wp-json\/wp\/v2\/posts"}],"about":[{"href":"https:\/\/escale-amap.fr\/index.php\/wp-json\/wp\/v2\/types\/post"}],"author":[{"embeddable":true,"href":"https:\/\/escale-amap.fr\/index.php\/wp-json\/wp\/v2\/users\/1"}],"replies":[{"embeddable":true,"href":"https:\/\/escale-amap.fr\/index.php\/wp-json\/wp\/v2\/comments?post=1577"}],"version-history":[{"count":0,"href":"https:\/\/escale-amap.fr\/index.php\/wp-json\/wp\/v2\/posts\/1577\/revisions"}],"wp:attachment":[{"href":"https:\/\/escale-amap.fr\/index.php\/wp-json\/wp\/v2\/media?parent=1577"}],"wp:term":[{"taxonomy":"category","embeddable":true,"href":"https:\/\/escale-amap.fr\/index.php\/wp-json\/wp\/v2\/categories?post=1577"},{"taxonomy":"post_tag","embeddable":true,"href":"https:\/\/escale-amap.fr\/index.php\/wp-json\/wp\/v2\/tags?post=1577"}],"curies":[{"name":"wp","href":"https:\/\/api.w.org\/{rel}","templated":true}]}}