{"id":1560,"date":"2017-08-30T18:33:11","date_gmt":"2017-08-30T17:33:11","guid":{"rendered":"http:\/\/escaleamap.free.fr\/?p=1560"},"modified":"2017-08-30T18:33:11","modified_gmt":"2017-08-30T17:33:11","slug":"journee-des-associations-et-journee-portes-ouvertes","status":"publish","type":"post","link":"https:\/\/escale-amap.fr\/index.php\/actualites\/journee-des-associations-et-journee-portes-ouvertes\/","title":{"rendered":"Journ\u00e9e des associations et Journ\u00e9e portes ouvertes"},"content":{"rendered":"<p><img loading=\"lazy\" decoding=\"async\" class=\"alignnone size-medium wp-image-1291\" src=\"http:\/\/escaleamap.free.fr\/wp-content\/uploads\/portes_ouvertes-300x174.jpg\" alt=\"\" width=\"300\" height=\"174\" \/><\/p>\n<p>Ce samedi\u00a0 2 Septembre nous serons Place de l&rsquo;Enclos, \u00e0 Escalquens afin de participer \u00e0 la journ\u00e9e des associations. Venez d\u00e9couvrir notre association.<\/p>\n<p>Le Mardi 12 Septembre, c&rsquo;est la journ\u00e9e porte ouverte de l&rsquo;Escalamap. Venez nous rencontrer au 2 Rue du Coustou \u00e0 Escalquens.<\/p>\n<p>Si vous \u00eates adh\u00e9rent : faites la d\u00e9couvrir \u00e0 vos amis !<\/p>\n<p>Comme l&rsquo;ann\u00e9e derni\u00e8re, la section L\u00e9gumes est pleine mais Il reste des places dans toutes les autres sections.<\/p>\n","protected":false},"excerpt":{"rendered":"<p>Ce samedi\u00a0 2 Septembre nous serons Place de l&rsquo;Enclos, \u00e0 Escalquens afin de participer \u00e0 la journ\u00e9e des associations. Venez d\u00e9couvrir notre association. Le Mardi 12 Septembre, c&rsquo;est la journ\u00e9e porte ouverte de l&rsquo;Escalamap. Venez nous rencontrer au 2 Rue &hellip; <a href=\"https:\/\/escale-amap.fr\/index.php\/actualites\/journee-des-associations-et-journee-portes-ouvertes\/\">Continuer la lecture <span class=\"meta-nav\">&rarr;<\/span><\/a><\/p>\n","protected":false},"author":1,"featured_media":0,"comment_status":"open","ping_status":"open","sticky":false,"template":"","format":"standard","meta":{"footnotes":""},"categories":[3],"tags":[],"class_list":["post-1560","post","type-post","status-publish","format-standard","hentry","category-actualites"],"_links":{"self":[{"href":"https:\/\/escale-amap.fr\/index.php\/wp-json\/wp\/v2\/posts\/1560","targetHints":{"allow":["GET"]}}],"collection":[{"href":"https:\/\/escale-amap.fr\/index.php\/wp-json\/wp\/v2\/posts"}],"about":[{"href":"https:\/\/escale-amap.fr\/index.php\/wp-json\/wp\/v2\/types\/post"}],"author":[{"embeddable":true,"href":"https:\/\/escale-amap.fr\/index.php\/wp-json\/wp\/v2\/users\/1"}],"replies":[{"embeddable":true,"href":"https:\/\/escale-amap.fr\/index.php\/wp-json\/wp\/v2\/comments?post=1560"}],"version-history":[{"count":0,"href":"https:\/\/escale-amap.fr\/index.php\/wp-json\/wp\/v2\/posts\/1560\/revisions"}],"wp:attachment":[{"href":"https:\/\/escale-amap.fr\/index.php\/wp-json\/wp\/v2\/media?parent=1560"}],"wp:term":[{"taxonomy":"category","embeddable":true,"href":"https:\/\/escale-amap.fr\/index.php\/wp-json\/wp\/v2\/categories?post=1560"},{"taxonomy":"post_tag","embeddable":true,"href":"https:\/\/escale-amap.fr\/index.php\/wp-json\/wp\/v2\/tags?post=1560"}],"curies":[{"name":"wp","href":"https:\/\/api.w.org\/{rel}","templated":true}]}}