{"id":1308,"date":"2016-11-14T07:13:58","date_gmt":"2016-11-14T06:13:58","guid":{"rendered":"http:\/\/escaleamap.free.fr\/?p=1308"},"modified":"2016-11-14T07:13:58","modified_gmt":"2016-11-14T06:13:58","slug":"soiree-debat-avec-le-reseau-des-amap-midi-pyrenees","status":"publish","type":"post","link":"https:\/\/escale-amap.fr\/index.php\/actualites\/soiree-debat-avec-le-reseau-des-amap-midi-pyrenees\/","title":{"rendered":"Soir\u00e9e d&rsquo;information sur le r\u00e9seau des AMAP  le mardi 15 novembre"},"content":{"rendered":"<p><a href=\"http:\/\/escaleamap.free.fr\/wp-content\/uploads\/ampp.png\"><img loading=\"lazy\" decoding=\"async\" class=\"wp-image-1335 aligncenter\" alt=\"ampp\" src=\"http:\/\/escaleamap.free.fr\/wp-content\/uploads\/ampp.png\" width=\"267\" height=\"115\" \/><\/a><\/p>\n<p><strong><span class=\"Apple-style-span\" style=\"font-weight: 300;\"><strong>Le 15 Novembre<\/strong>, apr\u00e8s la distribution (\u00e0 partir de 20h, au local de distribution), nous organisons une\u00a0<strong>soir\u00e9e d&rsquo;information sur le r\u00e9seau des AMAP\u00a0<\/strong>avec Olivier Pigounides, membre du conseil d&rsquo;administration du r\u00e9seau. Nous vous souhaitons tr\u00e8s nombreux pour venir d\u00e9couvrir ou red\u00e9couvrir le r\u00e9seau et ses actions, poser vos questions, \u00a0et partager un bon moment, car la soir\u00e9e se poursuivra avec un repas type auberge espagnole. Pensez \u00e0 amener un petit quelque chose \u00a0(\u00e0 manger ou \u00e0 boire) \u00e0 partager !<\/span><\/strong><\/p>\n<div>Nous vous invitons \u00a0\u00e0 visiter le site du r\u00e9seau :\u00a0<a href=\"http:\/\/amapreseau-mp.org\/\">http:\/\/amapreseau-mp.org\/<\/a>\u00a0et visionner les nouvelles vid\u00e9os mises en ligne.<\/div>\n<div><\/div>\n","protected":false},"excerpt":{"rendered":"<p>Le 15 Novembre, apr\u00e8s la distribution (\u00e0 partir de 20h, au local de distribution), nous organisons une\u00a0soir\u00e9e d&rsquo;information sur le r\u00e9seau des AMAP\u00a0avec Olivier Pigounides, membre du conseil d&rsquo;administration du r\u00e9seau. Nous vous souhaitons tr\u00e8s nombreux pour venir d\u00e9couvrir ou &hellip; <a href=\"https:\/\/escale-amap.fr\/index.php\/actualites\/soiree-debat-avec-le-reseau-des-amap-midi-pyrenees\/\">Continuer la lecture <span class=\"meta-nav\">&rarr;<\/span><\/a><\/p>\n","protected":false},"author":1,"featured_media":0,"comment_status":"open","ping_status":"open","sticky":false,"template":"","format":"standard","meta":{"footnotes":""},"categories":[3,5],"tags":[13],"class_list":["post-1308","post","type-post","status-publish","format-standard","hentry","category-actualites","category-vie-de-lamap","tag-reseau"],"_links":{"self":[{"href":"https:\/\/escale-amap.fr\/index.php\/wp-json\/wp\/v2\/posts\/1308","targetHints":{"allow":["GET"]}}],"collection":[{"href":"https:\/\/escale-amap.fr\/index.php\/wp-json\/wp\/v2\/posts"}],"about":[{"href":"https:\/\/escale-amap.fr\/index.php\/wp-json\/wp\/v2\/types\/post"}],"author":[{"embeddable":true,"href":"https:\/\/escale-amap.fr\/index.php\/wp-json\/wp\/v2\/users\/1"}],"replies":[{"embeddable":true,"href":"https:\/\/escale-amap.fr\/index.php\/wp-json\/wp\/v2\/comments?post=1308"}],"version-history":[{"count":0,"href":"https:\/\/escale-amap.fr\/index.php\/wp-json\/wp\/v2\/posts\/1308\/revisions"}],"wp:attachment":[{"href":"https:\/\/escale-amap.fr\/index.php\/wp-json\/wp\/v2\/media?parent=1308"}],"wp:term":[{"taxonomy":"category","embeddable":true,"href":"https:\/\/escale-amap.fr\/index.php\/wp-json\/wp\/v2\/categories?post=1308"},{"taxonomy":"post_tag","embeddable":true,"href":"https:\/\/escale-amap.fr\/index.php\/wp-json\/wp\/v2\/tags?post=1308"}],"curies":[{"name":"wp","href":"https:\/\/api.w.org\/{rel}","templated":true}]}}