{"id":1290,"date":"2016-09-07T15:35:26","date_gmt":"2016-09-07T14:35:26","guid":{"rendered":"http:\/\/escaleamap.free.fr\/?p=1290"},"modified":"2016-09-07T15:35:26","modified_gmt":"2016-09-07T14:35:26","slug":"portes-ouvertes-le-mardi-13-septembre-2016","status":"publish","type":"post","link":"https:\/\/escale-amap.fr\/index.php\/actualites\/portes-ouvertes-le-mardi-13-septembre-2016\/","title":{"rendered":"Portes ouvertes le mardi 13 septembre"},"content":{"rendered":"<p><a href=\"http:\/\/escaleamap.free.fr\/wp-content\/uploads\/portes_ouvertes.jpg\"><img loading=\"lazy\" decoding=\"async\" class=\"alignnone size-medium wp-image-1291\" alt=\"portes_ouvertes\" src=\"http:\/\/escaleamap.free.fr\/wp-content\/uploads\/portes_ouvertes-300x174.jpg\" width=\"300\" height=\"174\" \/><\/a><\/p>\n<p>Vous souhaitez devenir adh\u00e9rent : venez d\u00e9couvrir l\u2019AMAP d&rsquo;Escalquens<\/p>\n<p>Vous \u00eates adh\u00e9rent : faites la d\u00e9couvrir \u00e0 vos amis !<\/p>\n<p>Apr\u00e8s le succ\u00e8s de la premi\u00e8re \u00e9dition des portes ouvertes, nous n\u2019avons plus de places disponibles pour la section L\u00e9gumes! N\u2019h\u00e9sitez pas \u00e0 nous contacter pour \u00eatre sur la liste d\u2019attente.<\/p>\n<p>Il reste des places dans toutes les autres sections, venez vite les d\u00e9couvrir !<\/p>\n","protected":false},"excerpt":{"rendered":"<p>Vous souhaitez devenir adh\u00e9rent : venez d\u00e9couvrir l\u2019AMAP d&rsquo;Escalquens Vous \u00eates adh\u00e9rent : faites la d\u00e9couvrir \u00e0 vos amis ! Apr\u00e8s le succ\u00e8s de la premi\u00e8re \u00e9dition des portes ouvertes, nous n\u2019avons plus de places disponibles pour la section L\u00e9gumes! &hellip; <a href=\"https:\/\/escale-amap.fr\/index.php\/actualites\/portes-ouvertes-le-mardi-13-septembre-2016\/\">Continuer la lecture <span class=\"meta-nav\">&rarr;<\/span><\/a><\/p>\n","protected":false},"author":1,"featured_media":0,"comment_status":"open","ping_status":"open","sticky":false,"template":"","format":"standard","meta":{"footnotes":""},"categories":[3,5],"tags":[],"class_list":["post-1290","post","type-post","status-publish","format-standard","hentry","category-actualites","category-vie-de-lamap"],"_links":{"self":[{"href":"https:\/\/escale-amap.fr\/index.php\/wp-json\/wp\/v2\/posts\/1290","targetHints":{"allow":["GET"]}}],"collection":[{"href":"https:\/\/escale-amap.fr\/index.php\/wp-json\/wp\/v2\/posts"}],"about":[{"href":"https:\/\/escale-amap.fr\/index.php\/wp-json\/wp\/v2\/types\/post"}],"author":[{"embeddable":true,"href":"https:\/\/escale-amap.fr\/index.php\/wp-json\/wp\/v2\/users\/1"}],"replies":[{"embeddable":true,"href":"https:\/\/escale-amap.fr\/index.php\/wp-json\/wp\/v2\/comments?post=1290"}],"version-history":[{"count":0,"href":"https:\/\/escale-amap.fr\/index.php\/wp-json\/wp\/v2\/posts\/1290\/revisions"}],"wp:attachment":[{"href":"https:\/\/escale-amap.fr\/index.php\/wp-json\/wp\/v2\/media?parent=1290"}],"wp:term":[{"taxonomy":"category","embeddable":true,"href":"https:\/\/escale-amap.fr\/index.php\/wp-json\/wp\/v2\/categories?post=1290"},{"taxonomy":"post_tag","embeddable":true,"href":"https:\/\/escale-amap.fr\/index.php\/wp-json\/wp\/v2\/tags?post=1290"}],"curies":[{"name":"wp","href":"https:\/\/api.w.org\/{rel}","templated":true}]}}