{"id":1285,"date":"2016-09-05T09:52:31","date_gmt":"2016-09-05T08:52:31","guid":{"rendered":"http:\/\/escaleamap.free.fr\/?p=1285"},"modified":"2016-09-05T09:52:31","modified_gmt":"2016-09-05T08:52:31","slug":"des-nouvelles-de-la-ferme-dolivier","status":"publish","type":"post","link":"https:\/\/escale-amap.fr\/index.php\/actualites\/des-nouvelles-de-la-ferme-dolivier\/","title":{"rendered":"Des nouvelles de la ferme d&rsquo;Olivier"},"content":{"rendered":"<p>Les chaleurs de d\u00e9but d\u2019\u00e9t\u00e9 se sont fait attendre, ce qui a retard\u00e9 les premi\u00e8res r\u00e9coltes de l\u00e9gumes pour les distributions.<br \/>\nDes \u00e9v\u00e8nements sont intervenus dans l\u2019une des deux <b>serres<\/b> d\u2019Olivier, ce qui a impact\u00e9 les paniers de cet \u00e9t\u00e9 :<br \/>\n&#8211; <b>tomates<\/b> : victimes des larves de mouches qui ont quasiment d\u00e9truit cette production<br \/>\nnous avons eu un peu moins de vari\u00e9t\u00e9s cette ann\u00e9e, nous en aurons moins longtemps que d\u2019habitude<br \/>\n&#8211; <b>aubergines<\/b> : victimes des pucerons, tr\u00e8s peu de plants ont donn\u00e9 des l\u00e9gumes malgr\u00e9 les coccinelles pr\u00e9sentes dans la serre<br \/>\n&#8211; <b>poivrons<\/b> : 30 \u00e0\u00a0 40 % de pertes \u00e0 cause d\u2019un coup de chaud important sur quelques jours juste apr\u00e8s la plantation. Olivier inversera les cultures des deux serres l\u2019ann\u00e9e prochaine afin que les parasites de la serre de cette ann\u00e9e ne trouvent plus leur repas favori.<br \/>\n&#8211; <b>Pommes de terre<\/b> : en cours de maturation, nous devrions recevoir un appel pour un petit coup de main pour la r\u00e9colte autour de mi septembre si le temps se maintien. Les doryphores ont \u00e9t\u00e9 contenus par quatre actions successives d\u2019Olivier (utilisation de bouillie Bordelaise et surtout introduction d\u2019un pr\u00e9dateur naturel des larves de doryphores).<br \/>\n&#8211; Vous avez \u00e9galement vu passer un \u00e9pi de <b>ma\u00efs<\/b>, c\u2019 \u00e9tait un clin d\u2019\u0153il anecdotique d\u2019Olivier qui voulait voir comment se comportait un essai sous serre&#8230;<\/p>\n<p><strong>A venir<\/strong> :<br \/>\n&#8211; diff\u00e9rents types de <b>choux<\/b>, ils sont bien venus cette ann\u00e9e<br \/>\n&#8211; <b>salades<\/b>, encore pour un bon moment si le temps ne se refroidit pas trop t\u00f4t car de nouveaux semis ont pris<br \/>\n&#8211; les <b>poireaux<\/b> grandissent et devraient \u00eatre beaux<br \/>\n&#8211; les <b>panais<\/b> qui avaient \u00e9t\u00e9 ravag\u00e9s l\u2019ann\u00e9e derni\u00e8re ont correctement pris cette ann\u00e9e<br \/>\n&#8211; les <b>carottes<\/b> se portent bien<br \/>\n&#8211; les <b>\u00e9pinards<\/b> se portent moyennement pour l\u2019instant<br \/>\n&#8211; les <b>radis<\/b>, <b>navets<\/b> et autres sont bien pour l\u2019instant en esp\u00e9rant qu\u2019ils ne soient pas parasit\u00e9s par la suite\u2026<br \/>\n&#8211; les <b>betteraves<\/b> seront probablement un peu plus petites que l\u2019ann\u00e9e derni\u00e8re, mais la quantit\u00e9 devrait \u00eatre l\u00e0<br \/>\n&#8211; la <b>m\u00e2che<\/b> pousse correctement jusque l\u00e0<\/p>\n<p>Il n\u2019y a pas de nouveaux semis qui aient rat\u00e9 jusqu\u2019\u00e0 pr\u00e9sent.<\/p>\n","protected":false},"excerpt":{"rendered":"<p>Les chaleurs de d\u00e9but d\u2019\u00e9t\u00e9 se sont fait attendre, ce qui a retard\u00e9 les premi\u00e8res r\u00e9coltes de l\u00e9gumes pour les distributions. Des \u00e9v\u00e8nements sont intervenus dans l\u2019une des deux serres d\u2019Olivier, ce qui a impact\u00e9 les paniers de cet \u00e9t\u00e9 &hellip; <a href=\"https:\/\/escale-amap.fr\/index.php\/actualites\/des-nouvelles-de-la-ferme-dolivier\/\">Continuer la lecture <span class=\"meta-nav\">&rarr;<\/span><\/a><\/p>\n","protected":false},"author":1,"featured_media":0,"comment_status":"open","ping_status":"open","sticky":false,"template":"","format":"standard","meta":{"footnotes":""},"categories":[3,6],"tags":[],"class_list":["post-1285","post","type-post","status-publish","format-standard","hentry","category-actualites","category-vie-de-la-ferme"],"_links":{"self":[{"href":"https:\/\/escale-amap.fr\/index.php\/wp-json\/wp\/v2\/posts\/1285","targetHints":{"allow":["GET"]}}],"collection":[{"href":"https:\/\/escale-amap.fr\/index.php\/wp-json\/wp\/v2\/posts"}],"about":[{"href":"https:\/\/escale-amap.fr\/index.php\/wp-json\/wp\/v2\/types\/post"}],"author":[{"embeddable":true,"href":"https:\/\/escale-amap.fr\/index.php\/wp-json\/wp\/v2\/users\/1"}],"replies":[{"embeddable":true,"href":"https:\/\/escale-amap.fr\/index.php\/wp-json\/wp\/v2\/comments?post=1285"}],"version-history":[{"count":0,"href":"https:\/\/escale-amap.fr\/index.php\/wp-json\/wp\/v2\/posts\/1285\/revisions"}],"wp:attachment":[{"href":"https:\/\/escale-amap.fr\/index.php\/wp-json\/wp\/v2\/media?parent=1285"}],"wp:term":[{"taxonomy":"category","embeddable":true,"href":"https:\/\/escale-amap.fr\/index.php\/wp-json\/wp\/v2\/categories?post=1285"},{"taxonomy":"post_tag","embeddable":true,"href":"https:\/\/escale-amap.fr\/index.php\/wp-json\/wp\/v2\/tags?post=1285"}],"curies":[{"name":"wp","href":"https:\/\/api.w.org\/{rel}","templated":true}]}}