{"id":1055,"date":"2016-03-19T09:48:36","date_gmt":"2016-03-19T08:48:36","guid":{"rendered":"http:\/\/escaleamap.free.fr\/?p=1055"},"modified":"2016-03-19T09:48:36","modified_gmt":"2016-03-19T08:48:36","slug":"agenda","status":"publish","type":"post","link":"https:\/\/escale-amap.fr\/index.php\/actualites\/agenda\/","title":{"rendered":"Agenda (AG 2016, visites&#8230;)"},"content":{"rendered":"<p>chers amapiens, amapiennes,<\/p>\n<p>merci de noter dans vos agendas les dates suivantes<\/p>\n<p>3. distribution + auberge espagnole chez Pascale \u00e0 la <strong>ferme de P\u00e9riole, le mardi 10 mai<\/strong><br \/>\nLes autres distributions se feront \u00e0 la ferme, exceptionnellement. C\u2019est l\u2019occasion de nous retrouver et de visiter la ferme, les biquettes et donc de (re-)d\u00e9couvrir la provenance de nos fromages \u00ab\u00a0d\u2019\u00e0 c\u00f4t\u00e9\u00a0\u00bb.<\/p>\n<p>4. Journ\u00e9e visite \u00e0 la <strong>ferme de la Guillotte chez Christine et St\u00e9phane le dimanche 1er mai<\/strong><\/p>\n<p>5. distribution + auberge espagnole + activit\u00e9s pitchous \u00e0 la <strong>ferme d\u2019Olivier \u00e0 Gragnague, le samedi 11 juin<\/strong> \u00e0 partir de 16h00.<br \/>\nC\u2019est l\u2019occasion de nous retrouver et de visiter la ferme, les serres, les champs et donc de (re-)d\u00e9couvrir la provenance de nos l\u00e9gumes \u00ab\u00a0du coin\u00a0\u00bb.<\/p>\n","protected":false},"excerpt":{"rendered":"<p>chers amapiens, amapiennes, merci de noter dans vos agendas les dates suivantes 3. distribution + auberge espagnole chez Pascale \u00e0 la ferme de P\u00e9riole, le mardi 10 mai Les autres distributions se feront \u00e0 la ferme, exceptionnellement. C\u2019est l\u2019occasion de &hellip; <a href=\"https:\/\/escale-amap.fr\/index.php\/actualites\/agenda\/\">Continuer la lecture <span class=\"meta-nav\">&rarr;<\/span><\/a><\/p>\n","protected":false},"author":1,"featured_media":0,"comment_status":"open","ping_status":"open","sticky":false,"template":"","format":"standard","meta":{"footnotes":""},"categories":[3,5],"tags":[],"class_list":["post-1055","post","type-post","status-publish","format-standard","hentry","category-actualites","category-vie-de-lamap"],"_links":{"self":[{"href":"https:\/\/escale-amap.fr\/index.php\/wp-json\/wp\/v2\/posts\/1055","targetHints":{"allow":["GET"]}}],"collection":[{"href":"https:\/\/escale-amap.fr\/index.php\/wp-json\/wp\/v2\/posts"}],"about":[{"href":"https:\/\/escale-amap.fr\/index.php\/wp-json\/wp\/v2\/types\/post"}],"author":[{"embeddable":true,"href":"https:\/\/escale-amap.fr\/index.php\/wp-json\/wp\/v2\/users\/1"}],"replies":[{"embeddable":true,"href":"https:\/\/escale-amap.fr\/index.php\/wp-json\/wp\/v2\/comments?post=1055"}],"version-history":[{"count":0,"href":"https:\/\/escale-amap.fr\/index.php\/wp-json\/wp\/v2\/posts\/1055\/revisions"}],"wp:attachment":[{"href":"https:\/\/escale-amap.fr\/index.php\/wp-json\/wp\/v2\/media?parent=1055"}],"wp:term":[{"taxonomy":"category","embeddable":true,"href":"https:\/\/escale-amap.fr\/index.php\/wp-json\/wp\/v2\/categories?post=1055"},{"taxonomy":"post_tag","embeddable":true,"href":"https:\/\/escale-amap.fr\/index.php\/wp-json\/wp\/v2\/tags?post=1055"}],"curies":[{"name":"wp","href":"https:\/\/api.w.org\/{rel}","templated":true}]}}